{"id":22704,"date":"2026-04-29T19:38:15","date_gmt":"2026-04-29T19:38:15","guid":{"rendered":"https:\/\/principesdeparis.es\/principes\/?p=22704"},"modified":"2026-04-29T19:39:17","modified_gmt":"2026-04-29T19:39:17","slug":"metastasis","status":"publish","type":"post","link":"https:\/\/principesdeparis.es\/principes\/metastasis\/","title":{"rendered":"Met\u00e1stasis"},"content":{"rendered":"<p>La frustraci\u00f3n puede llevar a la violencia. Pero si esta se produce, la responsabilidad de su incapacidad de gesti\u00f3n, a trav\u00e9s de otras v\u00edas, es siempre del agresor. La hip\u00f3tesis de la frustraci\u00f3n-agresi\u00f3n es una teor\u00eda de la agresi\u00f3n que se desarroll\u00f3 por varios psic\u00f3logos a lo largo del siglo XX. En resumidas cuentas, este postulado nos dice que la agresi\u00f3n es el resultado de bloquear o frustrar los esfuerzos de una persona para alcanzar un objetivo o su meta. Curioso que ya se empezara a hablar de las metas (o los metas) en aquella definici\u00f3n. Originalmente, este grupo de investigadores fue llamado el grupo de Yale, quienes expusieron su teor\u00eda en el libro Frustration and Aggression (1939). De acuerdo con ellos, la frustraci\u00f3n ser\u00eda la emoci\u00f3n que surge cuando algo que nos hab\u00edamos planteado no se cumple. La agresi\u00f3n es definida como un acto cuyo objetivo es el de da\u00f1ar a otro organismo, ya sea de forma f\u00edsica o emocional. Cuando algo nos causa frustraci\u00f3n nuestro cuerpo tiene la necesidad de liberarla o solucionar aquello que la ha causado. Sin embargo, si esto no es posible, se acaba liberando por otros medios, siendo la agresi\u00f3n uno de ellos. La impotencia multiplica la capacidad de frustraci\u00f3n porque deposita la responsabilidad en el titular de la incapacidad. Ninguna de esas explicaciones sirve de justificaci\u00f3n, sino que refuerza la culpabilidad de la inexistente estructura de lo que lleg\u00f3 a ser un club de f\u00fatbol. Porque el pu\u00f1etazo de Andrada no sali\u00f3 de su cerebro, sino de la falta de sentido de tantos secuestradores que se han apropiado del escudo del Le\u00f3n. Ese ataque a Pulido tambi\u00e9n es una agresi\u00f3n a la afici\u00f3n y a la trayectoria de este club. Un atentado al deporte. A la dignidad. Por eso la trazabilidad del brutal golpeo al p\u00f3mulo del jugador rival tambi\u00e9n tiene rastros de identidad con trece a\u00f1os de historia a trav\u00e9s de Agapito, Forc\u00e9n, Aguilar, M\u00e1s, Azc\u00f3n, Chueca y de tantos vividores que se aprovechan del f\u00fatbol para su negocio de votos, y de los botas del f\u00fatbol para sus negocios privados. Todos, y muchos m\u00e1s, estaban cosidos al guantazo del cancerbero. Ellos pegan sus pelotazos y nosotros los pagamos y nos la pegamos. El riesgo es que algunos seguidores ma\u00f1os se agarren a los supuestos merecimientos de la provocaci\u00f3n, y al arbitraje, para descargar su propia frustraci\u00f3n con un jugador rival marrullero y con un colegiado que pit\u00f3 a la velocidad de la luz un segundo penalti que nadie detect\u00f3 con tanta agilidad. Ni siquiera el VAR se atrevi\u00f3 a contradecir la firme autoridad que sentenci\u00f3 al equipo blanquiazul. Algunos mirar\u00e1n la mano de Andrada y al silbato de Arcediano, pero el problema est\u00e1 en la Luna de las propiedades desapropiadas que sufrimos. Ten\u00edan m\u00e1s dignidad los tres mec\u00e1nicos secuestradores zaragozanos de Quini, que ahora recordamos en la brillante serie \u201cPor cien millones\u201d (Nacho G. Velilla, 2026), que los que hoy retienen amordazado con sus cadenas del negocio a nuestro equipo. Los trileros del club intentar\u00e1n utilizar todo el desprop\u00f3sito en el final del encuentro para desviar el foco de donde siempre debi\u00f3 estar. De ah\u00ed la curiosa ofensiva que ayer lanzaron en redes desde las oficinas de Eduardo Ibarra, en una campa\u00f1a de queja \u00bfahora? sobre los arbitrajes.<\/p>\n<p>Los psic\u00f3logos deportivos nos desga\u00f1itamos con ni\u00f1as y ni\u00f1os (y padres y madres), para asumir el control de la gesti\u00f3n de la frustraci\u00f3n. Y van unos supuestos profesionales y ense\u00f1an a las criaturas de todo el mundo, lo que no debes hacer. Gracias por esta clase p\u00fablica de violencia en la que personas adultas ser\u00e1n el ejemplo m\u00e1s perjudicial para este deporte. Se debe tratar este tipo conductas con la misma contundencia que si ocurrieran en la calle. Esos pu\u00f1etazos fuera del campo llevar\u00edan a comisar\u00eda y a sentencia penal. Y como trabajadores de una empresa, ser\u00eda despido procedente que nadie cuestionar\u00eda. Si no se responde as\u00ed, seguiremos viendo los campos de f\u00fatbol como un territorio sin ley, donde se \u201ccomprenden\u201d estas barbaridades que siguen ocurriendo, por desgracia de forma habitual, ya que se consideran espacios ajenos y diferentes que funcionan con otras normas y leyes de las que se aplican en la vida diaria. Algo que seguimos constatando a diario con el p\u00fablico y las familias que acuden a animar en los partidos que disputan cada fin de semana miles de ni\u00f1os en Arag\u00f3n.<\/p>\n<p>Es absurdo hablar de f\u00fatbol porque hace ya muchos a\u00f1os que este deporte ya no est\u00e1 con nosotros. T\u00e9rminos como intensidad, profundidad, combinaciones, definici\u00f3n, marcajes, eficacia y contundencia son palabras de un idioma que nunca habl\u00f3 en el campo el grupo de Navarro. Este equipo s\u00f3lo se expresa por se\u00f1as contradictorias. Una partida de gui\u00f1ote lleva m\u00e1s comunicaci\u00f3n que un encuentro de los nuestros. Se comunican con las manos porque no saben hacerlo con sus pies. Bueno, Tasende s\u00ed que lo intent\u00f3 dando una coz fuera de tiesto para sumarse a la rebeli\u00f3n de los incapaces. Como Andrada era el \u00fanico que iba equipado para el boxeo, decidi\u00f3 actuar con su pu\u00f1o en: \u201ctu cara me suena\u201d. Por otra parte, la respuesta de la carga de caballer\u00eda del portero local contra los visitantes convirti\u00f3 a los dos porteros en aut\u00e9nticos potreros. La frustraci\u00f3n de la ofuscaci\u00f3n, en el caso del argentino y la respuesta tribal de manada de Dani Jim\u00e9nez. El caso es que, en una semana, Arag\u00f3n ha sido protagonista de la verg\u00fcenza propia y ajena por un doble motivo. Primero, la imagen de la agresi\u00f3n en el campo de f\u00fatbol, y segundo, por el pacto de la ultraderecha de Vox y la derecha del PP. Tanta exclusi\u00f3n y agresi\u00f3n, dentro y fuera del f\u00fatbol, puede que tengan algo que ver. Desde luego algunos de sus responsables salen en los dos escenarios.<\/p>\n<p>Lo bueno de ver a otros equipos que estaban peor que nosotros es que se puede observar las diferencias de competitividad para saber qui\u00e9n se juega algo. Hace una semana el Mirand\u00e9s sufri\u00f3 un arbitraje que no le ayud\u00f3. El domingo la Cultural perdi\u00f3 de forma discutible con la expulsi\u00f3n de un jugador durante buena parte del encuentro. Pero ambos lucharon y tuvieron ocasiones como si les importara salir del fondo de la clasificaci\u00f3n. Nada que ver con lo que ocurri\u00f3 en el Alcoraz. Salvo el remate de El Yamiq, ni un tiro con algo de inter\u00e9s. De no ser por la tangana final vimos un partido de pretemporada entre un equipo local con pocos recursos y los visitantes con pocas ganas y menos capacidad. Esto se ha convertido en un guion habitual en los \u00faltimos partidos de Navarro. Los gestos de David lo dicen todo. Vimos a un revoltoso de los nuestros, en sus primeros partidos, y desde que se ha vestido con la equipaci\u00f3n oficial para dirigir los encuentros, no es el mismo. Est\u00e1 triste, sin energ\u00eda, mira los partidos de lejos y ya no gesticula. Dice lo que no piensa porque piensa lo que no puede decir. Este club vampiriza todo lo que toca y convierte en zombis del f\u00fatbol a protagonistas que llegaron con aires de autonom\u00eda. Ni aliento de la afici\u00f3n, ni incentivo, ni ganas de morir matando (un absurdo de frase para quedar bien que no conduce a ninguna parte). Con lo que vimos en la tarde del domingo, Arag\u00f3n abandonar\u00e1 el f\u00fatbol profesional. Sin remedio a la vista, podr\u00edamos sumarnos en breve a Extremadura, La Rioja y Murcia. Enhorabuena a tantos que han trabajado con ah\u00ednco estos trece \u00faltimos a\u00f1os por hacerlo posible.<\/p>\n<p>El Real Zaragoza tiene met\u00e1stasis. El tumor de los negocios ha hecho enfermar el cuerpo futbol\u00edstico. Se han extirpado \u00f3rganos y entrenadores como si no hubiera un ma\u00f1ana, sin obtener apenas una ligera mejora inicial. Se han comprado medicamentos in\u00fatiles en la farmacia de invierno, que salvo la \u201cRobercina\u201d, no han servido de nada y puede que ni siquiera los acepten en el cubo del reciclaje de la botica. El c\u00e1ncer se ha ido extendiendo por todos los \u00f3rganos de una estructura que sufr\u00eda de aluminosis en un organigrama que estaba m\u00e1s pendiente de las cotizaciones de sus negocios que de un encefalograma que ya se mostraba plano. No hay nadie que meta gol, s\u00f3lo meten la pata, que no la pierna. El meta Andrada, al parar el penalti, provoc\u00f3 el \u00e9xtasis de la afici\u00f3n. El final del meta, reflej\u00f3 la met\u00e1stasis del club.<\/p>\n<p>El instinto de supervivencia nos encomend\u00f3 a los canarios que cerraban la jornada. Idiakez fue nuestro Idiakez y el C\u00e1diz el de las siete \u00faltimas jornadas con derrota. Las cuentas de la lechera nos dir\u00e1n que el pr\u00f3ximo lunes saldremos del descenso tras las derrotas de los tres equipos que nos anteceden. Animaremos a la Cultural, al Racing y al Almer\u00eda. Si lo hacemos ser\u00e1 por un buen motivo: una victoria que echarnos a la boca de la realidad. Por pedir que no quede. Ahora, si hablamos de juego y de rasmia, no hay signos vitales en un cuerpo tan d\u00e9bil que no deja hueco para las alegr\u00edas. Claro que estos jugadores de tan pocas revoluciones son capaces de ejercer de revolucionarios y ponerse a currar justo el D\u00eda del Trabajo, y en horario nocturno. As\u00ed que, frente al Granada \u00a1viva el Primero de Mayo!<\/p>\n","protected":false},"excerpt":{"rendered":"<p>La frustraci\u00f3n puede llevar a la violencia. Pero si esta se produce, la responsabilidad de su incapacidad de gesti\u00f3n, a trav\u00e9s de otras v\u00edas, es siempre del agresor. La hip\u00f3tesis de la frustraci\u00f3n-agresi\u00f3n es una teor\u00eda de la agresi\u00f3n que se desarroll\u00f3 por varios psic\u00f3logos a lo largo del siglo <a class=\"read-more\" href=\"https:\/\/principesdeparis.es\/principes\/metastasis\/\">Sigue leyendo<\/a><\/p>\n","protected":false},"author":2,"featured_media":22311,"comment_status":"open","ping_status":"open","sticky":false,"template":"","format":"standard","meta":{"footnotes":""},"categories":[13,1],"tags":[],"class_list":["post-22704","post","type-post","status-publish","format-standard","has-post-thumbnail","hentry","category-publicidad","category-real-zaragoza"],"_links":{"self":[{"href":"https:\/\/principesdeparis.es\/principes\/wp-json\/wp\/v2\/posts\/22704","targetHints":{"allow":["GET"]}}],"collection":[{"href":"https:\/\/principesdeparis.es\/principes\/wp-json\/wp\/v2\/posts"}],"about":[{"href":"https:\/\/principesdeparis.es\/principes\/wp-json\/wp\/v2\/types\/post"}],"author":[{"embeddable":true,"href":"https:\/\/principesdeparis.es\/principes\/wp-json\/wp\/v2\/users\/2"}],"replies":[{"embeddable":true,"href":"https:\/\/principesdeparis.es\/principes\/wp-json\/wp\/v2\/comments?post=22704"}],"version-history":[{"count":1,"href":"https:\/\/principesdeparis.es\/principes\/wp-json\/wp\/v2\/posts\/22704\/revisions"}],"predecessor-version":[{"id":22705,"href":"https:\/\/principesdeparis.es\/principes\/wp-json\/wp\/v2\/posts\/22704\/revisions\/22705"}],"wp:featuredmedia":[{"embeddable":true,"href":"https:\/\/principesdeparis.es\/principes\/wp-json\/wp\/v2\/media\/22311"}],"wp:attachment":[{"href":"https:\/\/principesdeparis.es\/principes\/wp-json\/wp\/v2\/media?parent=22704"}],"wp:term":[{"taxonomy":"category","embeddable":true,"href":"https:\/\/principesdeparis.es\/principes\/wp-json\/wp\/v2\/categories?post=22704"},{"taxonomy":"post_tag","embeddable":true,"href":"https:\/\/principesdeparis.es\/principes\/wp-json\/wp\/v2\/tags?post=22704"}],"curies":[{"name":"wp","href":"https:\/\/api.w.org\/{rel}","templated":true}]}}