{"id":22715,"date":"2026-04-30T07:04:04","date_gmt":"2026-04-30T07:04:04","guid":{"rendered":"https:\/\/principesdeparis.es\/principes\/?p=22715"},"modified":"2026-04-30T07:04:04","modified_gmt":"2026-04-30T07:04:04","slug":"de-victimas-y-cortinas-de-humo","status":"publish","type":"post","link":"https:\/\/principesdeparis.es\/principes\/de-victimas-y-cortinas-de-humo\/","title":{"rendered":"De &#8216;v\u00edctimas&#8217; y cortinas de humo"},"content":{"rendered":"<p>Esos \u00faltimos instantes del partido en el Alcoraz, utilizados por cada uno de los clubes en su propio beneficio, han terminado por desgarrar las v\u00edsceras de los m\u00e1s apasionados seguidores oscenses y zaragozanos. Cortinas de humo, esconder los problemas reales debajo de la cama y apelar a la fortuna para mantener la categor\u00eda, son los \u00fanicos argumentos para seguir echando la culpa a todo el mundo del fracaso de ambas sociedades an\u00f3nimas. Mucho mayor en el Real Zaragoza por su historia, trofeos conquistados y su afici\u00f3n, que permanece manteniendo con vida a casi un cad\u00e1ver.<\/p>\n<p>Vuelvo a reiterar que la explosi\u00f3n de Andrada es injustificable y que no se corresponde con la manera de ser del guardameta argentino. Incluso conociendo al capit\u00e1n de la SD Huesca, al que ahora parece que le van a levantar una estatua, no se debe llegar a esa p\u00e9rdida de control tan espectacular. Otra cosa es que todos sepamos c\u00f3mo se las gasta Pulido y que, adem\u00e1s, disfrute con ello.<\/p>\n<p>Lo que ha hecho que mueva la cabeza de izquierda a derecha varias veces es leer el comunicado oficial de la SD Huesca en apoyo del capit\u00e1n azulgrana. He elegido este p\u00e1rrafo para compartirlo con los lectores de este blog: \u201cDesde la SD Huesca queremos, adem\u00e1s, defender con rotundidad la honorabilidad, el compromiso y la profesionalidad que Jorge ha demostrado durante todo el tiempo que lleva formando parte defender esta entidad. Su comportamiento ha sido ejemplar tanto dentro como fuera del terreno de juego, actuando siempre con responsabilidad y respeto hacia compa\u00f1eros, rivales, \u00e1rbitros y aficionados\u201d.<\/p>\n<p>Y todo esto por los numerosos mensajes de pulid\u00f3fobos vertidos en las redes sociales estos \u00faltimos d\u00edas. Acudo a la palabra \u201crespeto\u201d concretamente. Lo lamento mucho pero si alguien considera que este futbolista es un adalid de la consideraci\u00f3n, cortes\u00eda y deferencia, es que no lo conoce. Pero la SD Huesca ha vuelto a querer decir la \u00faltima palabra en este juego de comunicados jugando a ser la v\u00edctima.<\/p>\n<p>Ya fue desagradable que no permitiese un cupo de entradas para que el Real Zaragoza accediese a una zona determinada del grader\u00edo, mucho m\u00e1s que se intentase impedir la presencia de zaragocistas con bufandas y banderas de su club, siendo retiradas por suponer que iban a producirse luchas encarnecidas provocadas por un s\u00edmbolo.<\/p>\n<p>Fue desagradable el cachondeo que en un saludo a la afici\u00f3n visitante proyect\u00f3 el Huesca el domingo por la ma\u00f1ana: \u201cBienvenidos, zaragocistas\u201d en la parte superior de una imagen donde se mostraba la Plaza Luis L\u00f3pez Allu\u00e9. \u00bfBienvenidos? \u00a1Si no se ha puesto ning\u00fan cupo de localidad les para ellos! Parece un broma pesada y maldita la gracia.<\/p>\n<p>Y en el palco, dos zaragocistas con tanto amor a los colores blanquillos como el se\u00f1orito Pulido o el se\u00f1or Agust\u00edn. Fernando L\u00f3pez, que se marchar\u00e1 de Zaragoza cuando termine la temporada, o el \u00ednclito Mariano Aguilar, consejero por cooptaci\u00f3n. Y para colmo, Tebas exigiendo casi la c\u00e1rcel para Andrada, en otra innecesaria demostraci\u00f3n de su protecci\u00f3n por la SD Huesca y de su hist\u00f3rica proyecci\u00f3n en contra del Real Zaragoza; la sanci\u00f3n m\u00e1xima para Andrada, doce partidos m\u00e1s uno por la tarjeta roja.<\/p>\n<p>El guardapalos argentino merece la expulsi\u00f3n y su acto de violencia ha sido reconocido por \u00e9l mismo adem\u00e1s de enviarle una disculpa en privado a Pulido. No hay que enterrarle vivo como desear\u00edan algunos zulgranas, ni tampoco llevarlo a los altares como un santo por parte del zaragocismo. Del mismo modo que a Pulido no hay que definirlo como la esencia del huesquismo. Ha ido convirtiendo su personaje en alguien que se mete en todos los l\u00edos y que provoca a los contrarios.<\/p>\n<p>\u00bfQu\u00e9 pasa con Dani Jim\u00e9nez, que agredi\u00f3 por la espalda a Andrada y cuya forma de actuar fue tan grosera como antideportiva? Cuatro partidos, la sanci\u00f3n m\u00ednima.<\/p>\n<p>Y con todo esto encima, resulta que no se habla de haber regresado a la pen\u00faltima plaza, del f\u00fatbol sin esquema ni coraje del Real Zaragoza y que el descenso est\u00e9 cada vez m\u00e1s cerca pese a la ca\u00edda libre del C\u00e1diz que nos mantiene con vida.<\/p>\n","protected":false},"excerpt":{"rendered":"<p>Esos \u00faltimos instantes del partido en el Alcoraz, utilizados por cada uno de los clubes en su propio beneficio, han terminado por desgarrar las v\u00edsceras de los m\u00e1s apasionados seguidores oscenses y zaragozanos. Cortinas de humo, esconder los problemas reales debajo de la cama y apelar a la fortuna para <a class=\"read-more\" href=\"https:\/\/principesdeparis.es\/principes\/de-victimas-y-cortinas-de-humo\/\">Sigue leyendo<\/a><\/p>\n","protected":false},"author":3,"featured_media":22186,"comment_status":"open","ping_status":"open","sticky":false,"template":"","format":"standard","meta":{"footnotes":""},"categories":[16,13],"tags":[],"class_list":["post-22715","post","type-post","status-publish","format-standard","has-post-thumbnail","hentry","category-el10","category-publicidad"],"_links":{"self":[{"href":"https:\/\/principesdeparis.es\/principes\/wp-json\/wp\/v2\/posts\/22715","targetHints":{"allow":["GET"]}}],"collection":[{"href":"https:\/\/principesdeparis.es\/principes\/wp-json\/wp\/v2\/posts"}],"about":[{"href":"https:\/\/principesdeparis.es\/principes\/wp-json\/wp\/v2\/types\/post"}],"author":[{"embeddable":true,"href":"https:\/\/principesdeparis.es\/principes\/wp-json\/wp\/v2\/users\/3"}],"replies":[{"embeddable":true,"href":"https:\/\/principesdeparis.es\/principes\/wp-json\/wp\/v2\/comments?post=22715"}],"version-history":[{"count":1,"href":"https:\/\/principesdeparis.es\/principes\/wp-json\/wp\/v2\/posts\/22715\/revisions"}],"predecessor-version":[{"id":22716,"href":"https:\/\/principesdeparis.es\/principes\/wp-json\/wp\/v2\/posts\/22715\/revisions\/22716"}],"wp:featuredmedia":[{"embeddable":true,"href":"https:\/\/principesdeparis.es\/principes\/wp-json\/wp\/v2\/media\/22186"}],"wp:attachment":[{"href":"https:\/\/principesdeparis.es\/principes\/wp-json\/wp\/v2\/media?parent=22715"}],"wp:term":[{"taxonomy":"category","embeddable":true,"href":"https:\/\/principesdeparis.es\/principes\/wp-json\/wp\/v2\/categories?post=22715"},{"taxonomy":"post_tag","embeddable":true,"href":"https:\/\/principesdeparis.es\/principes\/wp-json\/wp\/v2\/tags?post=22715"}],"curies":[{"name":"wp","href":"https:\/\/api.w.org\/{rel}","templated":true}]}}