{"id":22724,"date":"2026-05-01T17:54:33","date_gmt":"2026-05-01T17:54:33","guid":{"rendered":"https:\/\/principesdeparis.es\/principes\/?p=22724"},"modified":"2026-05-01T18:32:31","modified_gmt":"2026-05-01T18:32:31","slug":"con-kodro-al-ataque-en-un-once-con-sebas-moyano-y-adrian","status":"publish","type":"post","link":"https:\/\/principesdeparis.es\/principes\/con-kodro-al-ataque-en-un-once-con-sebas-moyano-y-adrian\/","title":{"rendered":"Con Kodro al ataque en un once con Sebas Moyano y Adri\u00e1n"},"content":{"rendered":"<p>David Navarro recupera la doble punta con Dani G\u00f3mez y la vuelta de Kenan Kodro al once que m\u00e1s r\u00e9ditos le ha dado en su etapa de entrenador del Real Zaragoza. Un equipo de perfil ofensivo que rescata a Sebas Moyano de las catacumbas para jugar en el ala izquierda, lo que devuelve a Rober a la derecha despu\u00e9s de su aventura en el enganche del desafortunado rombo de Huesca. Tres cambios en la alineaci\u00f3n, uno de ellos forzado en la porter\u00eda por el castigo de 13 partidos a Andrada, que ya no volver\u00e1 a vestir la camiseta del conjunto aragon\u00e9s.\u00a0 En el doble pivote, el t\u00e9cnico elige a Saidu y Francho, reubicando al capit\u00e1n en el eje, mientras que el resto del bloque no recoge m\u00e1s novedades en una parcela defensiva donde repiten todos salvo el guardameta.<\/p>\n<p>&lt;blockquote class=\u00bbtwitter-tweet\u00bb&gt;&lt;p lang=\u00bbes\u00bb dir=\u00bbltr\u00bb&gt;Por quinto partido seguido\u2026 &lt;br&gt;&lt;br&gt;&#x2764;&#xfe0f;&#x200d;   &#x2764;&#xfe0f;&#x200d;&lt;br&gt;&lt;br&gt;Gracias, zaragocistas  &lt;a href=\u00bbhttps:\/\/t.co\/lPlsVwOxoC\u00bb&gt;pic.twitter.com\/lPlsVwOxoC&lt;\/a&gt;&lt;\/p&gt;&amp;mdash; Real Zaragoza (@RealZaragoza) &lt;a href=\u00bbhttps:\/\/twitter.com\/RealZaragoza\/status\/2050253461938143411?ref_src=twsrc%5Etfw\u00bb&gt;May 1, 2026&lt;\/a&gt;&lt;\/blockquote&gt; &lt;script async src=\u00bbhttps:\/\/platform.twitter.com\/widgets.js\u00bb charset=\u00bbutf-8&#8243;&gt;&lt;\/script&gt;<\/p>\n<p>La necesidad es extrema y el entrenador aparca los experimentos pese a que muchas de sus piezas no atraviesan su mejor estado de forma. Es una apuesta por la veteran\u00eda y por el riesgo que exige la ocasi\u00f3n, porque la victoria permitir\u00eda dormir al Real Zaragoza fuera de la zona de descenso, pero otro resultado le condenar\u00eda pr\u00e1cticamente a Primera RFEF. Todo o nada con el tiempo corriendo en contra y apenas margen para la maniobra en caso de fallo. Cinco jornadas consecutivas sin ganar han conducido a esta situaci\u00f3n que pide la victoria sin negociaci\u00f3n alguna de por medio, con tres rivales por delante, C\u00e1diz, Huesca y Mirand\u00e9s, implicados en la misma lucha y que fuerzan a estar atentos a otros partidos. Vencer al Granada y que los andaluces pierdan y oscenses o jabatos no se impongan en sus respectivos compromisos contra Racing y Almer\u00eda, la jet set de la categor\u00eda.<\/p>\n<blockquote class=\"twitter-tweet\">\n<p dir=\"ltr\" lang=\"es\">Con todo, Real Zaragoza <a href=\"https:\/\/t.co\/n5XFms3PT9\">pic.twitter.com\/n5XFms3PT9<\/a><\/p>\n<p>\u2014 Real Zaragoza (@RealZaragoza) <a href=\"https:\/\/twitter.com\/RealZaragoza\/status\/2050276741432635683?ref_src=twsrc%5Etfw\">May 1, 2026<\/a><\/p><\/blockquote>\n<p><script async src=\"https:\/\/platform.twitter.com\/widgets.js\" charset=\"utf-8\"><\/script><\/p>\n<p>La visita del Granada, vista su alineaci\u00f3n con Tigueros a los mandos y su goleador Jorge Pascual arriba, no tiene nada de tur\u00edstica, con la permanencia a\u00fan pendiente para los nazar\u00eds y Pacheta dispuesto a cerrarla en el Ibercaja Estadio. Las bajas de Luca Zidane y Manu Lama han hecho da\u00f1o a un equipo maltratado y goleado en su peor momento del a\u00f1o, pero con futbolistas de primer nivel que est\u00e1n pelando muy lejos de su objetivo original. El Real Zaragoza ya no est\u00e1 para elegir rival ni para tener en cuenta sus penas o alegr\u00edas. A cinco encuentros del final y pen\u00faltimo, vuelve a tener la en\u00e9sima oportunidad de reengancharse por salir del infierno y seguir huyendo de las llamas que le condenan. No est\u00e1 tampoco para muchos trotes, pero el destino &#8211;o el C\u00e1diz&#8211; le lanza un salvavidas que tendr\u00e1 que alcanzar con los tres puntos. Para continuar remando. Renegado del gol, esta noche la pareja Kodro-Dani G\u00f3mez debe adquirir protagonismo y aportar m\u00e1s punter\u00eda a la espera de que Rober y Sebas Moyano les suministren balones. La mirada estar\u00e1 tambi\u00e9n puesta en Adri\u00e1n. En sus manos y su respuesta queda este Real Zaragoza imprevisible y ag\u00f3nico.<\/p>\n<blockquote class=\"twitter-tweet\">\n<p dir=\"ltr\" lang=\"es\">Aqu\u00ed est\u00e1 nuestro &#x2694;&#xfe0f; <a href=\"https:\/\/t.co\/IppkJqKoNM\">pic.twitter.com\/IppkJqKoNM<\/a><\/p>\n<p>\u2014 Real Zaragoza (@RealZaragoza) <a href=\"https:\/\/twitter.com\/RealZaragoza\/status\/2050269988854915180?ref_src=twsrc%5Etfw\">May 1, 2026<\/a><\/p><\/blockquote>\n<p><script async src=\"https:\/\/platform.twitter.com\/widgets.js\" charset=\"utf-8\"><\/script><\/p>\n<p>La alineaci\u00f3n del Granada<\/p>\n<blockquote class=\"twitter-tweet\">\n<p dir=\"ltr\" lang=\"es\">&#x2764;&#xfe0f;<a href=\"https:\/\/twitter.com\/hashtag\/RealZaragozaGranada?src=hash&amp;ref_src=twsrc%5Etfw\">#RealZaragozaGranada<\/a> <a href=\"https:\/\/t.co\/CgTyMhG1rK\">pic.twitter.com\/CgTyMhG1rK<\/a><\/p>\n<p>\u2014 Granada CF &#x2764;&#xfe0f;&#x26aa;&#xfe0f; (@GranadaCF) <a href=\"https:\/\/twitter.com\/GranadaCF\/status\/2050271541095432504?ref_src=twsrc%5Etfw\">May 1, 2026<\/a><\/p><\/blockquote>\n<p><script async src=\"https:\/\/platform.twitter.com\/widgets.js\" charset=\"utf-8\"><\/script><\/p>\n<p><em>Foto Real Zaragoza<\/em><\/p>\n","protected":false},"excerpt":{"rendered":"<p>David Navarro recupera la doble punta con Dani G\u00f3mez y la vuelta de Kenan Kodro al once que m\u00e1s r\u00e9ditos le ha dado en su etapa de entrenador del Real Zaragoza. Un equipo de perfil ofensivo que rescata a Sebas Moyano de las catacumbas para jugar en el ala izquierda, <a class=\"read-more\" href=\"https:\/\/principesdeparis.es\/principes\/con-kodro-al-ataque-en-un-once-con-sebas-moyano-y-adrian\/\">Sigue leyendo<\/a><\/p>\n","protected":false},"author":2,"featured_media":22725,"comment_status":"open","ping_status":"open","sticky":false,"template":"","format":"standard","meta":{"footnotes":""},"categories":[13,1],"tags":[],"class_list":["post-22724","post","type-post","status-publish","format-standard","has-post-thumbnail","hentry","category-publicidad","category-real-zaragoza"],"_links":{"self":[{"href":"https:\/\/principesdeparis.es\/principes\/wp-json\/wp\/v2\/posts\/22724","targetHints":{"allow":["GET"]}}],"collection":[{"href":"https:\/\/principesdeparis.es\/principes\/wp-json\/wp\/v2\/posts"}],"about":[{"href":"https:\/\/principesdeparis.es\/principes\/wp-json\/wp\/v2\/types\/post"}],"author":[{"embeddable":true,"href":"https:\/\/principesdeparis.es\/principes\/wp-json\/wp\/v2\/users\/2"}],"replies":[{"embeddable":true,"href":"https:\/\/principesdeparis.es\/principes\/wp-json\/wp\/v2\/comments?post=22724"}],"version-history":[{"count":17,"href":"https:\/\/principesdeparis.es\/principes\/wp-json\/wp\/v2\/posts\/22724\/revisions"}],"predecessor-version":[{"id":22742,"href":"https:\/\/principesdeparis.es\/principes\/wp-json\/wp\/v2\/posts\/22724\/revisions\/22742"}],"wp:featuredmedia":[{"embeddable":true,"href":"https:\/\/principesdeparis.es\/principes\/wp-json\/wp\/v2\/media\/22725"}],"wp:attachment":[{"href":"https:\/\/principesdeparis.es\/principes\/wp-json\/wp\/v2\/media?parent=22724"}],"wp:term":[{"taxonomy":"category","embeddable":true,"href":"https:\/\/principesdeparis.es\/principes\/wp-json\/wp\/v2\/categories?post=22724"},{"taxonomy":"post_tag","embeddable":true,"href":"https:\/\/principesdeparis.es\/principes\/wp-json\/wp\/v2\/tags?post=22724"}],"curies":[{"name":"wp","href":"https:\/\/api.w.org\/{rel}","templated":true}]}}