{"id":23441,"date":"2026-09-02T12:08:11","date_gmt":"2026-09-02T12:08:11","guid":{"rendered":"https:\/\/principesdeparis.es\/principes\/?p=23441"},"modified":"2026-09-02T12:08:11","modified_gmt":"2026-09-02T12:08:11","slug":"de-repente-la-realidad-de-siempre","status":"publish","type":"post","link":"https:\/\/principesdeparis.es\/principes\/de-repente-la-realidad-de-siempre\/","title":{"rendered":"De repente, la realidad de siempre"},"content":{"rendered":"<p>Es agradable buscar un momento, sin prisas, para escribir un art\u00edculo al margen de la actualidad m\u00e1s cercana. Porque puedes desarrollar tus convicciones en frases construidas de manera que tenga que leerse el texto un par de veces para que se entienda realmente lo que deseas expresar.<br \/>\nAntes de cenar, en un espacio muerto de mi fren\u00e9tica actividad estos dos \u00faltimos meses por motivos personales, he comenzado a escribir sobre el tiempo detenido despu\u00e9s de la venta obligada de Agapito Iglesias. El otro d\u00eda alguien sin nombre real ni foto, sin seguidores en X, me recrimin\u00f3 haber entrevistado al pakistan\u00ed Kadir Sheikh en \u00abTiempo Extra\u00bb hace m\u00e1s de catorce a\u00f1os, un singular personaje que se interes\u00f3 por comprar el Real Zaragoza. Seg\u00fan Tebas, la sociedad necesitaba m\u00e1s de ocho millones de euros para seguir en la LFP. Al d\u00eda siguiente de la conversaci\u00f3n radiof\u00f3nica a finales de mayo de 2014 en un art\u00edculo firmado por el entonces jefe de deportes de Heraldo de Arag\u00f3n, Jos\u00e9 Miguel Tafalla, se pregunt\u00f3 el motivo de que hubiera tenido cabida en Arag\u00f3n Radio ese di\u00e1logo en antena, con un editorial que realmente me sorprendi\u00f3; daba la sensaci\u00f3n de que se me vinculaba con el empresario asi\u00e1tico al que nunca vi en persona y, desde luego, \u00e9l no ten\u00eda conocimiento de mi existencia.<\/p>\n<p>La respuesta se produjo d\u00edas m\u00e1s tarde cuando Jos\u00e9 Antonio Mart\u00edn \u201cPet\u00f3n\u201d fue el portavoz de la compra del Real Zaragoza por C\u00e9sar Alierta y la familia Yarza, propietaria de Heraldo de Arag\u00f3n, junto a otros inversores de menor aportaci\u00f3n econ\u00f3mica en la Fundaci\u00f3n Real Zaragoza 2032. All\u00ed fue tambi\u00e9n presentado a Cristian Lapetra como presidente, hijo del mejor jugador aragon\u00e9s de todos los tiempos y con relaci\u00f3n profesional en Heraldo de Arag\u00f3n. En esos momentos era el Director de Distribuci\u00f3n y Log\u00edstica de DASA, perteneciente al Grupo Henneo.<\/p>\n<p>Tras la derrota del Real Zaragoza en Las Palmas a ocho minutos del final por el valor doble de los goles fuera de casa, el edificio se derrumb\u00f3 abandonando el ex presidente de Telef\u00f3nica la Fundaci\u00f3n y dej\u00e1ndola en crisis con los Yarza al frente.<\/p>\n<p>Juan Forc\u00e9n apareci\u00f3 como el organizador de la situaci\u00f3n y Fernando Yarza se ocup\u00f3 de \u201cgestionar\u201d los medios de comunicaci\u00f3n locales y auton\u00f3micos a trav\u00e9s de sus productoras audiovisuales y su influencia en la sociedad aragonesa.<\/p>\n<p>Y aunque intentaron excluirme de la memoria hist\u00f3rica del periodismo de la ciudad acus\u00e1ndome de enemigo del Real Zaragoza, ha quedado claro qui\u00e9n ten\u00eda raz\u00f3n despu\u00e9s de unas temporadas de sufrimiento y fracaso hasta el vergonzoso descenso a Tercera Divisi\u00f3n.<\/p>\n<p>Realmente para esta primera columna de \u00abPr\u00edncipes de Par\u00eds\u00bb yo quer\u00eda haber recordado la desgracia atroz del club despu\u00e9s de la pandemia con la salida del goleador colombiano Luis Su\u00e1rez, que termin\u00f3 su cesi\u00f3n el 30 de junio de 2020, despu\u00e9s de una temporada brillante con la segunda plaza en la clasificaci\u00f3n de la mano de V\u00edctor Fern\u00e1ndez. Pero el regreso de la Liga despu\u00e9s de dos meses de p\u00e1nico destroz\u00f3 a un equipo que sum\u00f3 seis derrotas, una victoria y un empate, releg\u00e1ndole a la tercera plaza. La primera semifinal por el ascenso la perdi\u00f3 el conjunto zaragozano por 0-1 ante el Elche en el partido de vuelta en La Romareda marcado por Nino, el veterano jugador \u00abambulancia\u00bb, y con el error de Javi Ros en el lanzamiento de un penalti que pudo cambiar el desarrollo del encuentro. V\u00edctor dej\u00f3 el club \u201caniquilado y vac\u00edo como entrenador y como persona\u201d seg\u00fan sus propias manifestaciones al incorporarse por cuarta vez bajo la presidencia de Jorge Mas al banquillo zaragocista tiempo despu\u00e9s.<\/p>\n<p>Pero el art\u00edculo, que estaba a punto de terminar, desapareci\u00f3 al tocar el m\u00f3vil y me fue imposible recuperarlo pese a la Inteligencia Artificial y m\u00e1s de una hora de rastrearlo. Es lo que sucede cuando vas de un lado a otro, que no puedes llevar el ordenador encima. En vez de enfadarme pens\u00e9, como desde hace m\u00e1s de un lustro, que la mejor soluci\u00f3n era asumir el error y buscar soluciones como ense\u00f1a el estoicismo de Ep\u00edcteto, del que soy seguidor. Lo m\u00e1s adecuado fue volver a escribir el art\u00edculo de madrugada y tener cuidado para no rozar el m\u00f3vil e impedir que se esfumase otra vez el texto.<\/p>\n<p>Es un objetivo muy interesante para m\u00ed seguir en el blog de \u201cPr\u00edncipes de Par\u00eds\u201d en esta desoladora temporada abandonados por la propiedad en un descenso humillante que parece ser asimilado como una necesidad por los inversores para ajustar la crisis econ\u00f3mica que soporta. Lo que pueda ocurrir est\u00e1 fuera de mi capacidad, incluso la desaparici\u00f3n del Real Zaragoza y la compra de un club de Segunda RFEF para empezar de cero. Sinceramente resulta dif\u00edcil que vaya a mejorar de repente la realidad de este equipo hist\u00f3rico en la UCI con los antecedentes de los \u00faltimos a\u00f1os.<\/p>\n","protected":false},"excerpt":{"rendered":"<p>Es agradable buscar un momento, sin prisas, para escribir un art\u00edculo al margen de la actualidad m\u00e1s cercana. Porque puedes desarrollar tus convicciones en frases construidas de manera que tenga que leerse el texto un par de veces para que se entienda realmente lo que deseas expresar. Antes de cenar, <a class=\"read-more\" href=\"https:\/\/principesdeparis.es\/principes\/de-repente-la-realidad-de-siempre\/\">Sigue leyendo<\/a><\/p>\n","protected":false},"author":2,"featured_media":21451,"comment_status":"open","ping_status":"open","sticky":false,"template":"","format":"standard","meta":{"footnotes":""},"categories":[16,13],"tags":[],"class_list":["post-23441","post","type-post","status-publish","format-standard","has-post-thumbnail","hentry","category-el10","category-publicidad"],"_links":{"self":[{"href":"https:\/\/principesdeparis.es\/principes\/wp-json\/wp\/v2\/posts\/23441","targetHints":{"allow":["GET"]}}],"collection":[{"href":"https:\/\/principesdeparis.es\/principes\/wp-json\/wp\/v2\/posts"}],"about":[{"href":"https:\/\/principesdeparis.es\/principes\/wp-json\/wp\/v2\/types\/post"}],"author":[{"embeddable":true,"href":"https:\/\/principesdeparis.es\/principes\/wp-json\/wp\/v2\/users\/2"}],"replies":[{"embeddable":true,"href":"https:\/\/principesdeparis.es\/principes\/wp-json\/wp\/v2\/comments?post=23441"}],"version-history":[{"count":1,"href":"https:\/\/principesdeparis.es\/principes\/wp-json\/wp\/v2\/posts\/23441\/revisions"}],"predecessor-version":[{"id":23442,"href":"https:\/\/principesdeparis.es\/principes\/wp-json\/wp\/v2\/posts\/23441\/revisions\/23442"}],"wp:featuredmedia":[{"embeddable":true,"href":"https:\/\/principesdeparis.es\/principes\/wp-json\/wp\/v2\/media\/21451"}],"wp:attachment":[{"href":"https:\/\/principesdeparis.es\/principes\/wp-json\/wp\/v2\/media?parent=23441"}],"wp:term":[{"taxonomy":"category","embeddable":true,"href":"https:\/\/principesdeparis.es\/principes\/wp-json\/wp\/v2\/categories?post=23441"},{"taxonomy":"post_tag","embeddable":true,"href":"https:\/\/principesdeparis.es\/principes\/wp-json\/wp\/v2\/tags?post=23441"}],"curies":[{"name":"wp","href":"https:\/\/api.w.org\/{rel}","templated":true}]}}