{"id":23448,"date":"2026-09-03T12:38:44","date_gmt":"2026-09-03T12:38:44","guid":{"rendered":"https:\/\/principesdeparis.es\/principes\/?p=23448"},"modified":"2026-09-03T13:12:51","modified_gmt":"2026-09-03T13:12:51","slug":"lalo-arantegui-hay-una-plantilla-preparada-para-pelear-el-ascenso","status":"publish","type":"post","link":"https:\/\/principesdeparis.es\/principes\/lalo-arantegui-hay-una-plantilla-preparada-para-pelear-el-ascenso\/","title":{"rendered":"Lalo Arantegui: \u00abHay una plantilla preparada para pelear el ascenso\u00bb"},"content":{"rendered":"<p><strong>Balance de la plantilla:<\/strong> \u00abNo nos hemos desviado mucho del primer objetivo, que era hacer una plantilla corta con dobles puestos cubiertos y con la puerta abierta a la cantera. Es un grupo humano muy importante, que es la base para lograr los objetivos. <strong>Las opciones prioritarias est\u00e1n aqu\u00ed. Hemos sido honestos con el proyecto y sobre lo que quer\u00edamos crear sobre un papel en blanco<\/strong>. Es una plantilla muy compensada\u00bb.<\/p>\n<p><strong>Saidu:<\/strong> \u00abHubo opciones de que saliera, pero de haberlo aceptado ten\u00edamos la idea de que nos debilit\u00e1bamos. <strong>Cre\u00edamos que era mejor que se quedara<\/strong>\u00a0para pelear por el ascenso con m\u00e1s herramientas\u00bb.<\/p>\n<p><strong>El modelo de Ibai G\u00f3mez:<\/strong> \u00abSabemos que es un proceso que va a costar, con mucha gente nueva y un ida nueva. En Tarragona se vio esa idea. La l\u00e1stima fue el resultado. <strong>El equipo tuvo personalidad y ocasiones.<\/strong> La l\u00f3gica dice que siguiendo est\u00e1 l\u00ednea ganaremos m\u00e1s que empatar o perder\u00bb.<\/p>\n<p><strong>Preparado para ser campe\u00f3n:<\/strong> \u00abVa ser un a\u00f1o dur\u00edsimo. Pero estoy convencido de que hay una plantilla preparada para pelear el ascenso. Jugadores y t\u00e9cnico est\u00e1n convencidos. <strong>La imagen tan buena del pasado domingo se dio antes de lo esperado\u00bb.<\/strong><\/p>\n<blockquote class=\"twitter-tweet\">\n<p dir=\"ltr\" lang=\"es\">\u275dNo es la categor\u00eda, es el Real Zaragoza. Ten\u00eda bastante claro que quer\u00eda venir aqu\u00ed. Soy un poco rom\u00e1ntico del f\u00fatbol y este es un sitio emocionante y atractivo\u275e<\/p>\n<p>&#x1f3a5; Marco Sangalli <a href=\"https:\/\/t.co\/bpgE6IFnQa\">pic.twitter.com\/bpgE6IFnQa<\/a><\/p>\n<p>\u2014 Real Zaragoza (@RealZaragoza) <a href=\"https:\/\/x.com\/RealZaragoza\/status\/2095484062433423713?ref_src=twsrc%5Etfw\">September 3, 2026<\/a><\/p><\/blockquote>\n<p><script async src=\"https:\/\/platform.x.com\/widgets.js\" charset=\"utf-8\"><\/script><\/p>\n<blockquote class=\"twitter-tweet\">\n<p dir=\"ltr\" lang=\"es\">\u275dSe nota la grandeza de este Club y de esta ciudad. Estoy muy feliz de estar aqu\u00ed\u275e<\/p>\n<p>&#x1f3a5; \u00d3scar Ure\u00f1a <a href=\"https:\/\/t.co\/dsOU1dMTCr\">pic.twitter.com\/dsOU1dMTCr<\/a><\/p>\n<p>\u2014 Real Zaragoza (@RealZaragoza) <a href=\"https:\/\/x.com\/RealZaragoza\/status\/2095482256609484908?ref_src=twsrc%5Etfw\">September 3, 2026<\/a><\/p><\/blockquote>\n<p><script async src=\"https:\/\/platform.x.com\/widgets.js\" charset=\"utf-8\"><\/script><\/p>\n<blockquote class=\"twitter-tweet\">\n<p dir=\"ltr\" lang=\"es\">\u275dEleg\u00ed Zaragoza por el Club que es, por la confianza de Ibai y Lalo, y por las ganas que ten\u00eda de este proyecto\u275e<\/p>\n<p>&#x1f3a5; Rub\u00e9n Iranzo <a href=\"https:\/\/t.co\/QUvMoiR3zz\">pic.twitter.com\/QUvMoiR3zz<\/a><\/p>\n<p>\u2014 Real Zaragoza (@RealZaragoza) <a href=\"https:\/\/x.com\/RealZaragoza\/status\/2095481279651123518?ref_src=twsrc%5Etfw\">September 3, 2026<\/a><\/p><\/blockquote>\n<p><script async src=\"https:\/\/platform.x.com\/widgets.js\" charset=\"utf-8\"><\/script><\/p>\n","protected":false},"excerpt":{"rendered":"<p>Balance de la plantilla: \u00abNo nos hemos desviado mucho del primer objetivo, que era hacer una plantilla corta con dobles puestos cubiertos y con la puerta abierta a la cantera. Es un grupo humano muy importante, que es la base para lograr los objetivos. Las opciones prioritarias est\u00e1n aqu\u00ed. Hemos <a class=\"read-more\" href=\"https:\/\/principesdeparis.es\/principes\/lalo-arantegui-hay-una-plantilla-preparada-para-pelear-el-ascenso\/\">Sigue leyendo<\/a><\/p>\n","protected":false},"author":2,"featured_media":23449,"comment_status":"open","ping_status":"open","sticky":false,"template":"","format":"standard","meta":{"footnotes":""},"categories":[13,1],"tags":[],"class_list":["post-23448","post","type-post","status-publish","format-standard","has-post-thumbnail","hentry","category-publicidad","category-real-zaragoza"],"_links":{"self":[{"href":"https:\/\/principesdeparis.es\/principes\/wp-json\/wp\/v2\/posts\/23448","targetHints":{"allow":["GET"]}}],"collection":[{"href":"https:\/\/principesdeparis.es\/principes\/wp-json\/wp\/v2\/posts"}],"about":[{"href":"https:\/\/principesdeparis.es\/principes\/wp-json\/wp\/v2\/types\/post"}],"author":[{"embeddable":true,"href":"https:\/\/principesdeparis.es\/principes\/wp-json\/wp\/v2\/users\/2"}],"replies":[{"embeddable":true,"href":"https:\/\/principesdeparis.es\/principes\/wp-json\/wp\/v2\/comments?post=23448"}],"version-history":[{"count":5,"href":"https:\/\/principesdeparis.es\/principes\/wp-json\/wp\/v2\/posts\/23448\/revisions"}],"predecessor-version":[{"id":23454,"href":"https:\/\/principesdeparis.es\/principes\/wp-json\/wp\/v2\/posts\/23448\/revisions\/23454"}],"wp:featuredmedia":[{"embeddable":true,"href":"https:\/\/principesdeparis.es\/principes\/wp-json\/wp\/v2\/media\/23449"}],"wp:attachment":[{"href":"https:\/\/principesdeparis.es\/principes\/wp-json\/wp\/v2\/media?parent=23448"}],"wp:term":[{"taxonomy":"category","embeddable":true,"href":"https:\/\/principesdeparis.es\/principes\/wp-json\/wp\/v2\/categories?post=23448"},{"taxonomy":"post_tag","embeddable":true,"href":"https:\/\/principesdeparis.es\/principes\/wp-json\/wp\/v2\/tags?post=23448"}],"curies":[{"name":"wp","href":"https:\/\/api.w.org\/{rel}","templated":true}]}}