{"id":23459,"date":"2026-09-04T16:32:11","date_gmt":"2026-09-04T16:32:11","guid":{"rendered":"https:\/\/principesdeparis.es\/principes\/?p=23459"},"modified":"2026-09-04T16:32:11","modified_gmt":"2026-09-04T16:32:11","slug":"ibai-gomez-las-criticas-me-afectan-entre-poco-y-nada","status":"publish","type":"post","link":"https:\/\/principesdeparis.es\/principes\/ibai-gomez-las-criticas-me-afectan-entre-poco-y-nada\/","title":{"rendered":"Ibai G\u00f3mez: \u00abLas cr\u00edticas me afectan entre poco y nada\u00bb"},"content":{"rendered":"<p><strong>Mercado cerrado:<\/strong> \u00abEs un vendito marr\u00f3n, tenemos la mejor plantilla. Estoy contento con la direcci\u00f3n deportiva y con los jugadores que han decidido quedarse. Todo es de valorar. Ten\u00eda ganas de que se cerrarse. No hay ni un pero. Esperemos no necesitar el de invierno\u00bb.<\/p>\n<p><strong>Conclusiones de Tarragona:<\/strong> \u00abNo me equivocaba en lo que dec\u00eda. Merecimos ganar. Fuimos el equipo con m\u00e1s remates y eficacia de los dos grupos. Tambi\u00e9n el de mayor posesi\u00f3n y circulaci\u00f3n. No soy de n\u00fameros, s\u00f3lo si se contextualizan. Hay que mejorar acciones de marca en posesi\u00f3n, en un 20% que no estuvimos bien sobre todo en las tarjetas recibidas, tampoco en la ocupaci\u00f3n del \u00e1rea. En algunos casos hay que transitar sin tanta aceleraci\u00f3n. Pese a todo, visto el partido es para ilusionar\u00bb.<\/p>\n<p><strong>1-4-2-3-1 y plan B:<\/strong> \u00abEso se ve cuando se pita el inicio del partido, luego somos un equipo asim\u00e9trico. Despu\u00e9s de analizar el partido del N\u00e1stic no hubiera cambiado el plan en nada. Seguro que habr\u00e1 un plan B cuando sea necesario para atacar de una forma diferente. El otro d\u00eda era m\u00e1s el qui\u00e9n que el c\u00f3mo\u00bb.<\/p>\n<p><strong>Lucas Terrer:<\/strong> \u00abTambi\u00e9n quiero hablar de Barrachina, al que no se ha elogiado tanto. Tienen cualidades fant\u00e1sticas. El nivel de Lucas se est\u00e1 viendo y tiene cualidades de superior categor\u00eda. Con ambos estoy encantado\u00bb.<\/p>\n<p><strong>La cantera y su importancia:<\/strong> \u00abYo vengo de un sitio, Lezama, donde el sentido de pertenencia es clave. El Athletic est\u00e1 donde est\u00e1 por es sentido. Creo que es muy importante que jueguen siempre que tengan nivel, no poner a jugadores por poner por esa pertenencia de que hablo\u00bb.<\/p>\n<p><strong>Cambios:<\/strong> \u00abEl rival nos lleva un poco a realizar varios cambios, no muchos, para tener la iniciativa del otro d\u00eda. El Antequera defiende y ataca diferente\u00bb.<\/p>\n<p><strong>Iranzo, Ure\u00f1a y Sangalli, su peso en el equipo:<\/strong> \u00abA nivel de importancia, todos son iguales. A todos no puedes tratarlos siempre por igual. El mensaje les llega de forma diferente. El nivel de exigencia ser\u00e1 igual para todos. Ure\u00f1a y Marco pueden tener todav\u00eda algo de falta de sensaciones de equipo, bal\u00f3n e interacciones. Los tres ser\u00e1n muy importantes para nosotros. Todo lleva su tiempo\u00bb.<\/p>\n<p><strong>Un titular:<\/strong> \u00abDe los tres, uno va a iniciar de titular\u00bb.<\/p>\n<p><strong>El Ibercaja:<\/strong> \u00abNecesitamos a la gente. Tenemos ganas de ilusionar a la gente, haciendo parecido partido al de Tarragona aunque con ciertas mejoras. Si ganas con las sensaciones del otro d\u00eda la gente se ilusionar\u00e1\u00bb.<\/p>\n<p><strong>C\u00f3mo es la Primera FRFEF, sus exigencias, cr\u00edticas:<\/strong> \u00abTrabaj\u00e9 mucho la presi\u00f3n en mi etapa de jugador y fue el mayor aprendizaje de mi vida. Me importan entre poco y nada las cr\u00edticas que no sean constructivas, aunque hay que coger lo positivo. Intento que no afecte a los chicos en el sentido negativo. Entiendo a la gente, que sospeche de nosotros, de un entrenador nuevo que vende la moto. La afici\u00f3n ha pasado por tiempos muy malos. Dije que el equipo iba a transmitir una idea, como hizo en otro d\u00eda, y lo seguir\u00e1 haciendo mejor o peor. Esa propuesta es la que nos va a hacer ganar\u00bb.<\/p>\n<p><strong>Sistema defensivo, Ademo y Rub\u00e9n:<\/strong> \u00abTenemos jugadores para actuar con tres centrales. Lo haremos en ciertos partidos porque ye hace m\u00e1s previsible. Es un sistema que adquir\u00ed hace dos a\u00f1os y me gusta. A Sangalli le vas a ver en muchas posiciones. De lateral derecho, izquierdo en los extremos, Hay muy pocos jugadores en el mundo que entiendan tan bien el juego. A Ademo le vemos m\u00e1s en las zonas de 8. El otro d\u00eda le metimos de diez para que llegara al \u00e1rea. Rub\u00e9n tiene cualidades para 10 pero f\u00edsicamente carece de la fortaleza para que tires de nosotros ejercer la presi\u00f3n que nosotros tenemos, Por eso juega de base, donde nos ayuda por su interpretaci\u00f3n del f\u00fatbol\u00bb.<\/p>\n","protected":false},"excerpt":{"rendered":"<p>Mercado cerrado: \u00abEs un vendito marr\u00f3n, tenemos la mejor plantilla. Estoy contento con la direcci\u00f3n deportiva y con los jugadores que han decidido quedarse. Todo es de valorar. Ten\u00eda ganas de que se cerrarse. No hay ni un pero. Esperemos no necesitar el de invierno\u00bb. Conclusiones de Tarragona: \u00abNo me <a class=\"read-more\" href=\"https:\/\/principesdeparis.es\/principes\/ibai-gomez-las-criticas-me-afectan-entre-poco-y-nada\/\">Sigue leyendo<\/a><\/p>\n","protected":false},"author":2,"featured_media":23460,"comment_status":"open","ping_status":"open","sticky":false,"template":"","format":"standard","meta":{"footnotes":""},"categories":[13,1],"tags":[],"class_list":["post-23459","post","type-post","status-publish","format-standard","has-post-thumbnail","hentry","category-publicidad","category-real-zaragoza"],"_links":{"self":[{"href":"https:\/\/principesdeparis.es\/principes\/wp-json\/wp\/v2\/posts\/23459","targetHints":{"allow":["GET"]}}],"collection":[{"href":"https:\/\/principesdeparis.es\/principes\/wp-json\/wp\/v2\/posts"}],"about":[{"href":"https:\/\/principesdeparis.es\/principes\/wp-json\/wp\/v2\/types\/post"}],"author":[{"embeddable":true,"href":"https:\/\/principesdeparis.es\/principes\/wp-json\/wp\/v2\/users\/2"}],"replies":[{"embeddable":true,"href":"https:\/\/principesdeparis.es\/principes\/wp-json\/wp\/v2\/comments?post=23459"}],"version-history":[{"count":1,"href":"https:\/\/principesdeparis.es\/principes\/wp-json\/wp\/v2\/posts\/23459\/revisions"}],"predecessor-version":[{"id":23461,"href":"https:\/\/principesdeparis.es\/principes\/wp-json\/wp\/v2\/posts\/23459\/revisions\/23461"}],"wp:featuredmedia":[{"embeddable":true,"href":"https:\/\/principesdeparis.es\/principes\/wp-json\/wp\/v2\/media\/23460"}],"wp:attachment":[{"href":"https:\/\/principesdeparis.es\/principes\/wp-json\/wp\/v2\/media?parent=23459"}],"wp:term":[{"taxonomy":"category","embeddable":true,"href":"https:\/\/principesdeparis.es\/principes\/wp-json\/wp\/v2\/categories?post=23459"},{"taxonomy":"post_tag","embeddable":true,"href":"https:\/\/principesdeparis.es\/principes\/wp-json\/wp\/v2\/tags?post=23459"}],"curies":[{"name":"wp","href":"https:\/\/api.w.org\/{rel}","templated":true}]}}