{"id":23464,"date":"2026-09-05T18:08:39","date_gmt":"2026-09-05T18:08:39","guid":{"rendered":"https:\/\/principesdeparis.es\/principes\/?p=23464"},"modified":"2026-09-05T19:00:04","modified_gmt":"2026-09-05T19:00:04","slug":"la-defensa-recibe-iranzo-y-gonzalez-ante-el-antequera-y-vadillo-entra-pro-jardi","status":"publish","type":"post","link":"https:\/\/principesdeparis.es\/principes\/la-defensa-recibe-iranzo-y-gonzalez-ante-el-antequera-y-vadillo-entra-pro-jardi\/","title":{"rendered":"La defensa recibe a Iranzo y Gonz\u00e1lez ante el Antequera y Vadillo entra por Jard\u00ed"},"content":{"rendered":"<p>Como agua de mayo se les esperaba y ya est\u00e1n aqu\u00ed. Diego Gonz\u00e1lez despu\u00e9s de recuperarse del golpe en la cabeza que recibi\u00f3 ante el Bilbao Athletic en el \u00faltimo amistoso de la pretemporada y de su baja por protocolo sanitario en Tarragona, y Rub\u00e9n Irazo, quien entr\u00f3 en la citaci\u00f3n del pasado fin de semana sin disputar un minuto, reci\u00e9n llegado en el mercado de verano. Son los centrales titulares con may\u00fasculas en los planes de Ibai G\u00f3mez tras la experiencia con Tachi y Barrachina, que no dejaron buenas sensaciones en la primera jornada y tampoco de cara al futuro. De la convocatoria de 23 se ha ca\u00eddo esta ma\u00f1ana Peter Ademo, que sufre un proceso febril.<\/p>\n<p>El once del Real Zaragoza presenta ese par de cambios para recibir el Antequera en el estreno en cada de la temporada en el Ibercaja Estadio y un tercero significativo con la entrada de Vadillo en lugar de Jard\u00ed. El extremo catal\u00e1n apenas ha dejado huella desde que vino y el entrenador ha considerado oportuno utilzar de salida al canterano, que lo har\u00e1 por la izquierda para que Cuenca se desplace en esta ocasi\u00f3n a la banda derecha. Por el momento, ni Ure\u00f1a ni Sangalli cuentan de principio por su periodo de aclimataci\u00f3n, aunque es muy probable que sumen minutos a lo largo del encuentro.<\/p>\n<p>El conjunto aragon\u00e9s se presenta en esta cita despu\u00e9s de la inesperada y frustrante derrota en Tarragona, donde defendi\u00f3 de horror en los dos tantos encajados\u00a0 y atac\u00f3 con insistencia pero sin punter\u00eda alguna. Su dominio consol\u00f3 a Ibai G\u00f3mez y a los futbolistas, menos a la afici\u00f3n y dej\u00f3 un comienzo desolador en las cuentas. Esta vez no hay excusas. La necesidad de sumar de tres en tres aunque la competici\u00f3n acaba de arrancar se hace imperativa para justificar el papel de gran favorito al ascenso que le otorgan los rivales y que aceptan de buen grado en el club. \u00abTenemos la mejor plantilla\u00bb, subray\u00f3 ayer el t\u00e9cnico bilba\u00edno, que busca un equipo definitivo para implementar su idea de gobierno de los partidos. Que Vadillo haya sentado a Jard\u00ed es se\u00f1al de que nada se puede dar por sentado. S\u00f3lo que a Gonz\u00e1lez e Iranzo no les quitar\u00e1n ni con aceite hirviendo. El problema es que no tienen relevos de garant\u00edas. Se espera que Pau Sans y Delgado, que vuelven a repetir en punta, afinen m\u00e1s frente a la porter\u00eda de un rival en nada sencillo. Los malague\u00f1os tienen m\u00e1s cuajo que el N\u00e1stic, y juegan en modo Primera RFEF. El Ibiza, otro de los aspirantes a la parte alta de la clasificaci\u00f3n, sufri\u00f3 en sus carnes una derrota en un contragolpe, una falta y un c\u00f3rner. El bal\u00f3n parado como arma cl\u00e1sica de la categor\u00eda.<\/p>\n<p><img loading=\"lazy\" decoding=\"async\" class=\"alignnone wp-image-23474 size-full\" src=\"https:\/\/principesdeparis.es\/principes\/wp-content\/uploads\/2026\/09\/23-1.jpg\" alt=\"\" width=\"979\" height=\"560\" srcset=\"https:\/\/principesdeparis.es\/principes\/wp-content\/uploads\/2026\/09\/23-1.jpg 979w, https:\/\/principesdeparis.es\/principes\/wp-content\/uploads\/2026\/09\/23-1-300x172.jpg 300w, https:\/\/principesdeparis.es\/principes\/wp-content\/uploads\/2026\/09\/23-1-768x439.jpg 768w, https:\/\/principesdeparis.es\/principes\/wp-content\/uploads\/2026\/09\/23-1-610x349.jpg 610w, https:\/\/principesdeparis.es\/principes\/wp-content\/uploads\/2026\/09\/23-1-400x229.jpg 400w\" sizes=\"auto, (max-width: 979px) 100vw, 979px\" \/><\/p>\n<blockquote class=\"twitter-tweet\">\n<p dir=\"ltr\" lang=\"es\">1&#xfe0f;&#x20e3;1&#xfe0f;&#x20e3; Nuestro<\/p>\n<p>Nuestro &#x2694;&#xfe0f; <a href=\"https:\/\/t.co\/dbQGDjrWqm\">pic.twitter.com\/dbQGDjrWqm<\/a><\/p>\n<p>\u2014 Real Zaragoza (@RealZaragoza) <a href=\"https:\/\/x.com\/RealZaragoza\/status\/2096299026677186589?ref_src=twsrc%5Etfw\">September 5, 2026<\/a><\/p><\/blockquote>\n<p><script async src=\"https:\/\/platform.x.com\/widgets.js\" charset=\"utf-8\"><\/script><\/p>\n<p>La alineaci\u00f3n del Antequera<\/p>\n<blockquote class=\"twitter-tweet\">\n<p dir=\"ltr\" lang=\"es\">| \u00a1Nuestra alineaci\u00f3n para el <a href=\"https:\/\/x.com\/hashtag\/RealZaragozaAntequera?src=hash&amp;ref_src=twsrc%5Etfw\">#RealZaragozaAntequera<\/a>! <a href=\"https:\/\/t.co\/VUrvZDjhyd\">pic.twitter.com\/VUrvZDjhyd<\/a><\/p>\n<p>\u2014 Antequera C. F. (@AntequeraCF) <a href=\"https:\/\/x.com\/AntequeraCF\/status\/2096297471148212392?ref_src=twsrc%5Etfw\">September 5, 2026<\/a><\/p><\/blockquote>\n<p><script async src=\"https:\/\/platform.x.com\/widgets.js\" charset=\"utf-8\"><\/script><\/p>\n","protected":false},"excerpt":{"rendered":"<p>Como agua de mayo se les esperaba y ya est\u00e1n aqu\u00ed. Diego Gonz\u00e1lez despu\u00e9s de recuperarse del golpe en la cabeza que recibi\u00f3 ante el Bilbao Athletic en el \u00faltimo amistoso de la pretemporada y de su baja por protocolo sanitario en Tarragona, y Rub\u00e9n Irazo, quien entr\u00f3 en la <a class=\"read-more\" href=\"https:\/\/principesdeparis.es\/principes\/la-defensa-recibe-iranzo-y-gonzalez-ante-el-antequera-y-vadillo-entra-pro-jardi\/\">Sigue leyendo<\/a><\/p>\n","protected":false},"author":2,"featured_media":23465,"comment_status":"open","ping_status":"open","sticky":false,"template":"","format":"standard","meta":{"footnotes":""},"categories":[13,1],"tags":[],"class_list":["post-23464","post","type-post","status-publish","format-standard","has-post-thumbnail","hentry","category-publicidad","category-real-zaragoza"],"_links":{"self":[{"href":"https:\/\/principesdeparis.es\/principes\/wp-json\/wp\/v2\/posts\/23464","targetHints":{"allow":["GET"]}}],"collection":[{"href":"https:\/\/principesdeparis.es\/principes\/wp-json\/wp\/v2\/posts"}],"about":[{"href":"https:\/\/principesdeparis.es\/principes\/wp-json\/wp\/v2\/types\/post"}],"author":[{"embeddable":true,"href":"https:\/\/principesdeparis.es\/principes\/wp-json\/wp\/v2\/users\/2"}],"replies":[{"embeddable":true,"href":"https:\/\/principesdeparis.es\/principes\/wp-json\/wp\/v2\/comments?post=23464"}],"version-history":[{"count":9,"href":"https:\/\/principesdeparis.es\/principes\/wp-json\/wp\/v2\/posts\/23464\/revisions"}],"predecessor-version":[{"id":23475,"href":"https:\/\/principesdeparis.es\/principes\/wp-json\/wp\/v2\/posts\/23464\/revisions\/23475"}],"wp:featuredmedia":[{"embeddable":true,"href":"https:\/\/principesdeparis.es\/principes\/wp-json\/wp\/v2\/media\/23465"}],"wp:attachment":[{"href":"https:\/\/principesdeparis.es\/principes\/wp-json\/wp\/v2\/media?parent=23464"}],"wp:term":[{"taxonomy":"category","embeddable":true,"href":"https:\/\/principesdeparis.es\/principes\/wp-json\/wp\/v2\/categories?post=23464"},{"taxonomy":"post_tag","embeddable":true,"href":"https:\/\/principesdeparis.es\/principes\/wp-json\/wp\/v2\/tags?post=23464"}],"curies":[{"name":"wp","href":"https:\/\/api.w.org\/{rel}","templated":true}]}}