{"id":495,"date":"2021-03-08T09:36:40","date_gmt":"2021-03-08T09:36:40","guid":{"rendered":"https:\/\/principesdeparis.es\/principes\/?p=495"},"modified":"2021-03-09T07:05:05","modified_gmt":"2021-03-09T07:05:05","slug":"zapater-o-eguaras-esa-es-la-cuestion","status":"publish","type":"post","link":"https:\/\/principesdeparis.es\/principes\/zapater-o-eguaras-esa-es-la-cuestion\/","title":{"rendered":"Zapater o Eguaras, esa es la cuesti\u00f3n"},"content":{"rendered":"<p><strong>Alberto Zapater<\/strong> disput\u00f3 contra el Tenerife el primer partido completo de la actual temporada. En sus anteriores apariciones en el once inicial &#8211;Legan\u00e9s, Oviedo, en dos ocasiones, Espanyol y Castell\u00f3n&#8211; fue relevado en partidos que acabaron en derrotas. Esta vez particip\u00f3 en el triunfo sobre el equipo canario, de principio a fin, para cubrir la ausencia por acumulaci\u00f3n de amonestaciones de<strong> Eguaras<\/strong>, en una medular en la que se desenvolvi\u00f3, en posici\u00f3n de ancla, con el mejor porcentaje de acierto en el pase (90%). Es la primera vez que<strong> Juan Ignacio Mart\u00ednez,<\/strong> forzado las m\u00faltiples bajas en esa parcela, otorg\u00f3 su confianza al aragon\u00e9s, quien le respondi\u00f3 con un notable rendimiento El centrocampista se encuentra en un progresivo declive deportivo despu\u00e9s de su milagroso regreso al f\u00fatbol y al Real Zaragoza despu\u00e9s de tres a\u00f1os de martirio con el pubis y la espalda. \u00abPara m\u00ed esto es un regalo que me da la vida, poder ponerme cada d\u00eda la camiseta del Real Zaragoza\u00bb, dijo en su presentaci\u00f3n en 2016, siete a\u00f1os despu\u00e9s de haber sido traspasado &#8211;c\u00f3mo no, por la bancarrota del club &#8212; en direcci\u00f3n al Genoa.<\/p>\n<p>Apura cada instante como si fuera el \u00faltimo a sus 35 a\u00f1os, a a\u00f1os luz de aquel Zapater cuyo poder\u00edo f\u00edsico sedujo a <strong>V\u00edctor Mu\u00f1oz.<\/strong> Su rol en el vestuario, sin ser un l\u00edder natural, se centra, por experiencia y compromiso, en buscar el equilibrio emocional del grupo, transmitiendo en la medida que es es lo posible su agudo sentido de pertenencia al Real Zaragoza. Fernte al Rayo Vallecano, este viernes, JIM, a\u00fan sin Francho y la vuelta de Eguaras, tendr\u00e1 que decidir si mantiene al ejeano en la alineaci\u00f3n o si devuelve al navarro a esa posici\u00f3n tan espec\u00edfica por delante de la defensa. Podr\u00eda, tambi\u00e9n, asociarlos y descabalgar del once a<strong> Igbekeme<\/strong>, pero las bajas revoluciones de ambos indican que esa mezcla implicar\u00eda un riesgo excesivo ante un Rayo que tiene en la velocidad una de sus principales armas.<\/p>\n<p>Por lo tanto, solo puedo quedar uno. \u00cd\u00f1igo Eguaras es el favorito. Desde que el entrenador le puso en solitario para administrar la salida del bal\u00f3n y sus esfuerzos, se desenvuelve muy c\u00f3modo. El testigo de la ruptura de l\u00edneas y de la presi\u00f3n ha pasado a Francho, a quien busca y encuentra como gran desahogo del equipo y personal. Eguaras tampoco es un portento en el consumo de kil\u00f3metros, por debajo de un Zapater incluso con sus limitaciones, pero siempre se espera de \u00e9l que la musa que le acompa\u00f1a en la visualizaci\u00f3n del \u00faltimo pase marque una diferencia definitiva en los partidos. La cara B de su nueva ubicaci\u00f3n, sin embargo, le ha alejado mucho de zonas m\u00e1s influyentes en ataque, representado un papel pr\u00f3ximo al mediocentro est\u00e1tico, espacio donde Zapater es mejor t\u00e1cticamente. JIM no es muy amigo de cambiar lo que funciona, y el capit\u00e1n le respondi\u00f3 al ser reclamado. El debate est\u00e1 servido, aunque la continuidad de Zapater posiblemente no ser\u00eda mal plan pese a que Eguaras ofrezca registros m\u00e1s amplios en la construcci\u00f3n del juego.<\/p>\n<p>&nbsp;<\/p>\n<div id=\"polls-9\" class=\"wp-polls\">\n\t\t<p style=\"text-align: center;\"><strong>\u00bfMantendr\u00edas a Zapater en la alineaci\u00f3n contra el Rayo?<\/strong><\/p><div id=\"polls-9-ans\" class=\"wp-polls-ans\"><ul class=\"wp-polls-ul\">\n\t\t<li>S\u00ed <small>(70%, 14 Votos)<\/small><div class=\"pollbar\" style=\"width: 70%;\" title=\"S\u00ed (70% | 14 Votos)\"><\/div><\/li>\n\t\t<li>No <small>(30%, 6 Votos)<\/small><div class=\"pollbar\" style=\"width: 30%;\" title=\"No (30% | 6 Votos)\"><\/div><\/li>\n\t\t<\/ul><p style=\"text-align: center;\">Votantes totales: <strong>20<\/strong><\/p><\/div>\n\t\t<input type=\"hidden\" id=\"poll_9_nonce\" name=\"wp-polls-nonce\" value=\"9f9c2b9323\" \/>\n<\/div>\n<div id=\"polls-9-loading\" class=\"wp-polls-loading\"><img loading=\"lazy\" decoding=\"async\" src=\"https:\/\/principesdeparis.es\/principes\/wp-content\/plugins\/wp-polls\/images\/loading.gif\" width=\"16\" height=\"16\" alt=\"Cargando ...\" title=\"Cargando ...\" class=\"wp-polls-image\" \/>&nbsp;Cargando ...<\/div>\n\n","protected":false},"excerpt":{"rendered":"<p>Alberto Zapater disput\u00f3 contra el Tenerife el primer partido completo de la actual temporada. En sus anteriores apariciones en el once inicial &#8211;Legan\u00e9s, Oviedo, en dos ocasiones, Espanyol y Castell\u00f3n&#8211; fue relevado en partidos que acabaron en derrotas. Esta vez particip\u00f3 en el triunfo sobre el equipo canario, de principio <a class=\"read-more\" href=\"https:\/\/principesdeparis.es\/principes\/zapater-o-eguaras-esa-es-la-cuestion\/\">Sigue leyendo<\/a><\/p>\n","protected":false},"author":2,"featured_media":496,"comment_status":"open","ping_status":"open","sticky":false,"template":"","format":"standard","meta":{"footnotes":""},"categories":[1],"tags":[],"class_list":["post-495","post","type-post","status-publish","format-standard","has-post-thumbnail","hentry","category-real-zaragoza"],"_links":{"self":[{"href":"https:\/\/principesdeparis.es\/principes\/wp-json\/wp\/v2\/posts\/495","targetHints":{"allow":["GET"]}}],"collection":[{"href":"https:\/\/principesdeparis.es\/principes\/wp-json\/wp\/v2\/posts"}],"about":[{"href":"https:\/\/principesdeparis.es\/principes\/wp-json\/wp\/v2\/types\/post"}],"author":[{"embeddable":true,"href":"https:\/\/principesdeparis.es\/principes\/wp-json\/wp\/v2\/users\/2"}],"replies":[{"embeddable":true,"href":"https:\/\/principesdeparis.es\/principes\/wp-json\/wp\/v2\/comments?post=495"}],"version-history":[{"count":2,"href":"https:\/\/principesdeparis.es\/principes\/wp-json\/wp\/v2\/posts\/495\/revisions"}],"predecessor-version":[{"id":506,"href":"https:\/\/principesdeparis.es\/principes\/wp-json\/wp\/v2\/posts\/495\/revisions\/506"}],"wp:featuredmedia":[{"embeddable":true,"href":"https:\/\/principesdeparis.es\/principes\/wp-json\/wp\/v2\/media\/496"}],"wp:attachment":[{"href":"https:\/\/principesdeparis.es\/principes\/wp-json\/wp\/v2\/media?parent=495"}],"wp:term":[{"taxonomy":"category","embeddable":true,"href":"https:\/\/principesdeparis.es\/principes\/wp-json\/wp\/v2\/categories?post=495"},{"taxonomy":"post_tag","embeddable":true,"href":"https:\/\/principesdeparis.es\/principes\/wp-json\/wp\/v2\/tags?post=495"}],"curies":[{"name":"wp","href":"https:\/\/api.w.org\/{rel}","templated":true}]}}