{"id":502,"date":"2021-03-09T06:34:17","date_gmt":"2021-03-09T06:34:17","guid":{"rendered":"https:\/\/principesdeparis.es\/principes\/?p=502"},"modified":"2021-03-09T06:55:47","modified_gmt":"2021-03-09T06:55:47","slug":"el-real-zaragoza-de-las-dos-cabezas","status":"publish","type":"post","link":"https:\/\/principesdeparis.es\/principes\/el-real-zaragoza-de-las-dos-cabezas\/","title":{"rendered":"El Real Zaragoza de las dos cabezas"},"content":{"rendered":"<p>\u00c1lex Alegr\u00eda se estren\u00f3 frente al Tenerife con un tanto que signific\u00f3 la suma de tres puntos vitales. El tallo cacere\u00f1o se sirvi\u00f3 de sus 188 cent\u00edmetros de altura para elevarse y conectar un frentazo inapelable. Era la s\u00e9ptima diana que se lograba por dominio a\u00e9reo, una cifra que sit\u00faa al conjunto aragon\u00e9s como la segunda potencia rematadora por arriba del campeonato. Solo le supera el M\u00e1laga con ocho goles de esta factura realizadora. Por contra, en su \u00e1rea sufre una escabechina cuando los rivales utilizan la misma ruta rematadora. P\u00e9rdidas de marca, errores de <strong>Cristian<\/strong> y el aire se despeja por completo para los adversarios.<\/p>\n<p>El contraste es tal monumental como la paradoja: se\u00f1or en ataque por arriba, en defensa es un vasallo. La diferencia radica en la penalizaci\u00f3n de los goles que recibe de cabeza, fragilidad que le ha llevado a perder con el Oviedo en dos ocasiones (Borja S\u00e1nchez y Rodri R\u00edos), la Ponferradina (Dani Romera), el M\u00e1laga (Pablo Chavarr\u00eda), el Mirand\u00e9s (Ezzarfani) y a empatar ante Cartagena (And\u00fajar) y Girona (Sylla). Un perjuicio de 17 puntos. Como respuesta, Narv\u00e1ez (2), Igbekeme, Az\u00f3n, Vigaray, Jair y Alegr\u00eda han conseguido recolectar nueve puntos con sus testarazos. Han ganado duelos a\u00e9reos pero sin poder celebrarlo El Toro en Miranda de Ebro; Alegr\u00eda y Adri\u00e1n en Albacete; Narv\u00e1ez contra la Ponferradina y el Logro\u00f1\u00e9s; Ra\u00ed en campo del Espanyol; Jair ante el Almer\u00eda y el Lugo; Az\u00f3n con el Alcorc\u00f3n y Alegr\u00eda frente a Alcorc\u00f3n y Tenerife. En estos casos no hubo punter\u00eda o las intervenciones de los porteros impidieron que la pelota entrara.<\/p>\n<p>&nbsp;<\/p>\n<p><strong>CLASIFICACI\u00d3N DE GOLES DE CABEZA A FAVOR<\/strong><\/p>\n<p>Malaga 8<br \/>\n<strong>Real Zaragoza 7 (Narv\u00e1ez 2, Az\u00f3n, Igekeme, Vigaray, Jair y Alegr\u00eda)<\/strong><br \/>\nAlmer\u00eda 7<br \/>\nOviedo 7<br \/>\nCastellon 7<br \/>\nPonferradina 6<br \/>\nSabadell 6<br \/>\nEspanyol 6<br \/>\nTenerife 5<br \/>\nMirand\u00e9s 5<br \/>\nRayo 4<br \/>\nGirona 4<br \/>\nMallorca 4<br \/>\nLogro\u00f1\u00e9s 4<br \/>\nSporting 3<br \/>\nLugo 3<br \/>\nAlbacete 3<br \/>\nCartagena 3<br \/>\nAlcorc\u00f3n 2<br \/>\nFuenlabrada 2<br \/>\nLegan\u00e9s 1<br \/>\nLas Palmas 1<\/p>\n","protected":false},"excerpt":{"rendered":"<p>\u00c1lex Alegr\u00eda se estren\u00f3 frente al Tenerife con un tanto que signific\u00f3 la suma de tres puntos vitales. El tallo cacere\u00f1o se sirvi\u00f3 de sus 188 cent\u00edmetros de altura para elevarse y conectar un frentazo inapelable. Era la s\u00e9ptima diana que se lograba por dominio a\u00e9reo, una cifra que sit\u00faa <a class=\"read-more\" href=\"https:\/\/principesdeparis.es\/principes\/el-real-zaragoza-de-las-dos-cabezas\/\">Sigue leyendo<\/a><\/p>\n","protected":false},"author":2,"featured_media":503,"comment_status":"open","ping_status":"open","sticky":false,"template":"","format":"standard","meta":{"footnotes":""},"categories":[1],"tags":[],"class_list":["post-502","post","type-post","status-publish","format-standard","has-post-thumbnail","hentry","category-real-zaragoza"],"_links":{"self":[{"href":"https:\/\/principesdeparis.es\/principes\/wp-json\/wp\/v2\/posts\/502","targetHints":{"allow":["GET"]}}],"collection":[{"href":"https:\/\/principesdeparis.es\/principes\/wp-json\/wp\/v2\/posts"}],"about":[{"href":"https:\/\/principesdeparis.es\/principes\/wp-json\/wp\/v2\/types\/post"}],"author":[{"embeddable":true,"href":"https:\/\/principesdeparis.es\/principes\/wp-json\/wp\/v2\/users\/2"}],"replies":[{"embeddable":true,"href":"https:\/\/principesdeparis.es\/principes\/wp-json\/wp\/v2\/comments?post=502"}],"version-history":[{"count":2,"href":"https:\/\/principesdeparis.es\/principes\/wp-json\/wp\/v2\/posts\/502\/revisions"}],"predecessor-version":[{"id":505,"href":"https:\/\/principesdeparis.es\/principes\/wp-json\/wp\/v2\/posts\/502\/revisions\/505"}],"wp:featuredmedia":[{"embeddable":true,"href":"https:\/\/principesdeparis.es\/principes\/wp-json\/wp\/v2\/media\/503"}],"wp:attachment":[{"href":"https:\/\/principesdeparis.es\/principes\/wp-json\/wp\/v2\/media?parent=502"}],"wp:term":[{"taxonomy":"category","embeddable":true,"href":"https:\/\/principesdeparis.es\/principes\/wp-json\/wp\/v2\/categories?post=502"},{"taxonomy":"post_tag","embeddable":true,"href":"https:\/\/principesdeparis.es\/principes\/wp-json\/wp\/v2\/tags?post=502"}],"curies":[{"name":"wp","href":"https:\/\/api.w.org\/{rel}","templated":true}]}}