{"id":507,"date":"2021-03-09T16:12:34","date_gmt":"2021-03-09T16:12:34","guid":{"rendered":"https:\/\/principesdeparis.es\/principes\/?p=507"},"modified":"2021-03-09T16:38:11","modified_gmt":"2021-03-09T16:38:11","slug":"santi-aragon-si-estoy-preocupado-el-mes-de-marzo-es-clave","status":"publish","type":"post","link":"https:\/\/principesdeparis.es\/principes\/santi-aragon-si-estoy-preocupado-el-mes-de-marzo-es-clave\/","title":{"rendered":"Santi Arag\u00f3n: \u00abS\u00ed estoy preocupado. El mes de marzo es clave\u00bb"},"content":{"rendered":"<p><strong>Santiago Arag\u00f3n<\/strong> siempre ha sido un artesano de la imaginaci\u00f3n. En su etapa de jugador era una referencia en el mundo de la joyer\u00eda, un futbolista que expon\u00eda sus obras en el centro del campo, forjando sus propias creaciones y administrando las de un equipo de locos creadores de fantas\u00edas. En sus horas libres, cuando cog\u00eda la pelota para investigar nuevas rutas ofensivas, destacaba por su agudeza para hallar tesoros. Por su cerebro desfilaban diamantes y todo lo que tocaban sus botas se convert\u00eda en oro. Desde ese epicentro de virtuosos se le recuerdan pases de corta y larga distancia majestuosos, y goles como el de su debut en La Romareda frente al Tenerife, con rivales desmay\u00e1ndose ante el perfume de sus regates y esa finalizaci\u00f3n inolvidable, una caricia burlona a la ley de la gravedad. O el tanto en Stamford Bridge que dio el pase a la final de la Recopa, un eslalon po\u00e9tico entre la pedestre defensa del Chelsea. Y aquella celebraci\u00f3n acunada junto a <strong>Nayim y Caf\u00fa.<\/strong> Antes Anoeta en el estreno del estadio donostiarra en Liga y el Benito Villamar\u00edn, en la semifinal de Copa de 1994, se hab\u00edan rendido a su fant\u00e1sticas ocurrencias. C\u00f3mo no, su \u00faltima sesi\u00f3n de magia como profesional, frente al Elche, en el minuto 1, de regreso a Primera. En su \u00f3rbita el tiempo se deten\u00eda y recib\u00eda instrucciones supers\u00f3nicas.<\/p>\n<p>Desde el 2016 contin\u00faa explorando lo imposible, peinando la geograf\u00eda para la f\u00e1brica del Real Madrid en la b\u00fasqueda de riquezas en el f\u00fatbol de formaci\u00f3n. A\u00fan tiene tiempo para seguir al Real Zaragoza y para reflexionar sobre su presente, para ofrecer una versi\u00f3n autorizada no por nada en especial, sino por la especial y certera forma de visualizar este deporte y sus interioridades. No alarma, pero habla por lo que le dice su coraz\u00f3n y dicta la cabeza. \u00abS\u00ed estoy preocupado. Este mes de marzo va a ser clave para lo que pueda ocurrir. Restan 14 partidos y hay que sumar casi la mitad de los puntos. <strong>Cartagena, Mirand\u00e9s y Logro\u00f1\u00e9s son encuentros que debes ganar s\u00ed o s\u00ed porque el empate no te sirve para nada frente a un calendario posterior muy complicado<\/strong>. Es cierto que el equipo ha progresado t\u00e1cticamente desde que lleg\u00f3 Juan Ignacio Mart\u00ednez, pero son mejores los resultados que las sensaciones\u00bb. Arag\u00f3n considera que uno de los aspectos fundamentales para conseguir esa salvaci\u00f3n puede estar en el entrenador<strong>. \u00abSi en algo ha acertado el Real Zaragoza es en la elecci\u00f3n de un t\u00e9cnico con experiencia que aplica con sencillez los m\u00e9todos adecuados en este contexto<\/strong>. Normaliza todo y sus mensajes, desde el principio, contagian optimismo. Y as\u00ed exprime al m\u00e1ximo lo que tiene, que consiste en amarrar sin cometer errores\u00bb.<\/p>\n<p>Contempla \u00abun equipo mermado por la situaci\u00f3n o porque no da m\u00e1s de s\u00ed. Por todos los problemas f\u00edsicos que ha sufrido o por la ausencia de cinco titulares tan importantes como<strong> Su\u00e1rez, El Yamiq, Puado, Guti y Soro<\/strong>. Si a eso a\u00f1ades que, salvo Narv\u00e1ez y Jair, los que han fichado no han dado lo que se esperaba de ellos&#8230; La buenas noticias, sin duda, han venido de<strong> Franc\u00e9s<\/strong> y d<strong>e Francho<\/strong>\u00ab. El exjugador aplaude y elogia la irrupci\u00f3n de los canteranos, pero entiende que se han dejado vac\u00edos importantes este ejercicio en la configuraci\u00f3n de la plantilla. \u00abSe necesitaba futbolistas para suplir con garant\u00edas esas bajas\u00bb. Tambi\u00e9n se\u00f1ala que el mercado de invierno, \u00abaunque es corto y dif\u00edcil, no se ha aprovechado. <strong>El equipo tiene poco margen de mejora, se ve en los partidos que est\u00e1 cogido con alfileres\u00bb.<\/strong><\/p>\n<p>En lo que va de curso, todas las l\u00edneas han sufrido se\u00edsmos considerables. Santiago Arag\u00f3n repasa cada una de ellas con fino bistur\u00ed.<\/p>\n<p><strong>Porter\u00eda<\/strong><br \/>\n\u00abCristian es un seguro de vida, una garant\u00eda, a pesar de que haya tenido dos o tres semanas irregulares. Es un futbolista notable para esta categor\u00eda. En esa posici\u00f3n no estar\u00eda preocupado porque sabemos que todos los porteros sufren este tipo de bajones. Y desde luego hay que recuperarle en el campo\u00bb<\/p>\n<p><strong>Defensa<\/strong><br \/>\n\u00abEl baile de centrales, por diferentes circunstancias, ha provocado una inestabilidad considerable. JIM ha probado con todo hasta dar con la clave, con Jair, una vez superada la lesi\u00f3n, y Franc\u00e9s en un eje ahora m\u00e1s fiable. Me ha sorprendido gratamente lo de Franc\u00e9s, a\u00fan en edad juvenil y sin embargo con protagonismo y seguridad en la toma de decisiones. Sabe su funci\u00f3n, no pierde la concentraci\u00f3n, es veloz y dispone de buena salida de bal\u00f3n. Adem\u00e1s demuestra car\u00e1cter y en los duelos resulta dif\u00edcil de superar. En defensa, y en ese sentido se trabaja bien, lo vital es mantener la porter\u00eda a cero. La firmeza atr\u00e1s es el camino m\u00e1s corto para el \u00e9xito sea cual sea tu objetivo\u00bb.<\/p>\n<p><strong>Centro del campo<\/strong><br \/>\n\u00abSe necesita a un Eguaras que aporte m\u00e1s de lo que est\u00e1 dando porque ha demostrado que puede hacerlo. Se halla en una zona de confort y no est\u00e1 en su mejor momento. El acompa\u00f1amiento de Francho le ha hecho muy bien al equipo. Mete ritmo al juego, tiene llegada y aporta energ\u00eda y recorrido. Con el tiempo acabara como mediocentro posicional, no como interior. Por contra Igbekeme tampoco no es el mismo, por debajo de su nivel no s\u00e9 si por las lesiones que ha sufrido o por otras causas, y las bandas no est\u00e1n bien ocupadas. Bermejo es un poco diferente pero le ha costado adaptarse. A Zanimacchia, sinceramente, creo que le viene un poco grande el Zaragoza, y Larrazabal apenas ha aparecido para algo destacable\u00bb.<\/p>\n<p><strong>Delantera<\/strong><br \/>\n\u00abNarv\u00e1ez es quien marca las diferencias sobre el resto. Es un jugador de doble funci\u00f3n, si bien yo lo veo de segundo delantero. Disfruta m\u00e1s cayendo a la banda izquierda, desde donde le gusta\u00a0 diagonales para su potente disparo. En cuanto a la crisis de los delanteros de cara a gol, los malos n\u00fameros son irrefutables, pero entiendo que aunque hayan dispuesto de ocasiones, no han sido muchas. No se genera un f\u00fatbol para que les alcancen balones claros y la segunda l\u00ednea no aporta demasiado. No se genera mucho y los delanteros necesitan balones claros. y el equipo no produce tanto para crear tantas oportunidades. Az\u00f3n me gusta bastante, aunque revulsivo en los \u00faltimos minutos. Es un chico que me recuerda mucho a Yordi Gonz\u00e1lez. Va al choque jug\u00e1ndose el f\u00edsico, de cabeza es valiente y siempre que participa genera cosas a su alrededor. Le falta, eso s\u00ed, algo de finura con el bal\u00f3n, pero le sobra tiempo para mejorar. Hay que trabajar todav\u00eda con \u00e9l\u00bb.<\/p>\n","protected":false},"excerpt":{"rendered":"<p>Santiago Arag\u00f3n siempre ha sido un artesano de la imaginaci\u00f3n. En su etapa de jugador era una referencia en el mundo de la joyer\u00eda, un futbolista que expon\u00eda sus obras en el centro del campo, forjando sus propias creaciones y administrando las de un equipo de locos creadores de fantas\u00edas. <a class=\"read-more\" href=\"https:\/\/principesdeparis.es\/principes\/santi-aragon-si-estoy-preocupado-el-mes-de-marzo-es-clave\/\">Sigue leyendo<\/a><\/p>\n","protected":false},"author":2,"featured_media":508,"comment_status":"open","ping_status":"open","sticky":false,"template":"","format":"standard","meta":{"footnotes":""},"categories":[1],"tags":[],"class_list":["post-507","post","type-post","status-publish","format-standard","has-post-thumbnail","hentry","category-real-zaragoza"],"_links":{"self":[{"href":"https:\/\/principesdeparis.es\/principes\/wp-json\/wp\/v2\/posts\/507","targetHints":{"allow":["GET"]}}],"collection":[{"href":"https:\/\/principesdeparis.es\/principes\/wp-json\/wp\/v2\/posts"}],"about":[{"href":"https:\/\/principesdeparis.es\/principes\/wp-json\/wp\/v2\/types\/post"}],"author":[{"embeddable":true,"href":"https:\/\/principesdeparis.es\/principes\/wp-json\/wp\/v2\/users\/2"}],"replies":[{"embeddable":true,"href":"https:\/\/principesdeparis.es\/principes\/wp-json\/wp\/v2\/comments?post=507"}],"version-history":[{"count":5,"href":"https:\/\/principesdeparis.es\/principes\/wp-json\/wp\/v2\/posts\/507\/revisions"}],"predecessor-version":[{"id":513,"href":"https:\/\/principesdeparis.es\/principes\/wp-json\/wp\/v2\/posts\/507\/revisions\/513"}],"wp:featuredmedia":[{"embeddable":true,"href":"https:\/\/principesdeparis.es\/principes\/wp-json\/wp\/v2\/media\/508"}],"wp:attachment":[{"href":"https:\/\/principesdeparis.es\/principes\/wp-json\/wp\/v2\/media?parent=507"}],"wp:term":[{"taxonomy":"category","embeddable":true,"href":"https:\/\/principesdeparis.es\/principes\/wp-json\/wp\/v2\/categories?post=507"},{"taxonomy":"post_tag","embeddable":true,"href":"https:\/\/principesdeparis.es\/principes\/wp-json\/wp\/v2\/tags?post=507"}],"curies":[{"name":"wp","href":"https:\/\/api.w.org\/{rel}","templated":true}]}}