{"id":519,"date":"2021-03-10T11:33:42","date_gmt":"2021-03-10T11:33:42","guid":{"rendered":"https:\/\/principesdeparis.es\/principes\/?p=519"},"modified":"2021-03-10T11:50:54","modified_gmt":"2021-03-10T11:50:54","slug":"juanmi-la-gloria-amarga","status":"publish","type":"post","link":"https:\/\/principesdeparis.es\/principes\/juanmi-la-gloria-amarga\/","title":{"rendered":"Juanmi, la gloria amarga"},"content":{"rendered":"<p>El exportero del Real Zaragoza cumpli\u00f3 ayer 50 a\u00f1os. Medio siglo del que, durante nueve temporadas, dedic\u00f3 al club aragon\u00e9s procedente del Real Madrid como heredero del ya veterano<strong> Andoni Cedr\u00fan<\/strong>, sin conseguirlo por completo hasta la marcha del carism\u00e1tico guardameta de Durango. En el Bernab\u00e9u coincidi\u00f3 con <strong>Arag\u00f3n<\/strong> y<strong> Esn\u00e1ider<\/strong>, donde no debut\u00f3 pese a estar citado en ocho ocasiones, y con quienes se reencontr\u00f3 en La Romareda. Juanmi tiene una historia particular. Elegido para la gloria de los dos grandes logros del equipo aragon\u00e9s a principio de los noventa, la alcanz\u00f3 con el poso amargo de no poder disputar las tres finales para las que se hab\u00eda preparado, sobre todo la de la Recopa de 1995 y la de Copa en 2001. <strong>V\u00edctor Fern\u00e1ndez<\/strong> quer\u00eda darle la titularidad cuanto antes, pero su amigo Cedr\u00fan, con quien compart\u00eda habitaci\u00f3n y largas charlas, se resist\u00eda a cederle su trono en un magn\u00edfico crep\u00fasculo profesional.<\/p>\n<p>Fue una gran batalla sin acritud, un pulso que enriquec\u00eda la porter\u00eda zaragocista con un arquero de gran experiencia y otro joven, ambicioso y felino. Cuando se acerc\u00f3 su gran momento, la noche del 10 de mayo parisino, se lesion\u00f3 en el partido anterior de Liga en El Molin\u00f3n y vio el gol de <strong>Nayim<\/strong> desde la grada del Parque de los Pr\u00edncipes. Justo antes de la final de la Cartuja del 2001, entr\u00f3 en el quir\u00f3fano para ser operado de apendicitis&#8230; <strong>C\u00e9sar L\u00e1inez,<\/strong> con tan solo tres partidos disputados en Liga, jug\u00f3 la semifinal frente al Atl\u00e9tico y la final ante el Celta. En su despedida del Real Zaragoza, lo acompa\u00f1\u00f3, ya como suplente desde el banquillo, a Segunda. Tres t\u00edtulos ganados perdiendo contra un destino que le impidi\u00f3 ser protagonista absoluto.<\/p>\n<p>Juanmi Garc\u00eda se col\u00f3 en la lucha por ser el tercer meta junto a Molina y Contreras de la selecci\u00f3n espa\u00f1ola sin conseguirlo . Con Camacho estaba claro que las dos primeras plazas eran cosa de Ca\u00f1izares y Casillas.\u00a0 El 26 de enero de 2000 en el Estadio Cartagonova de Cartagena, su ciudad natal, sustituy\u00f3 a Molina en un encuentro amistoso ante Polonia. Esos minutos, al menos, recompensaron su excelente estado de forma en el Real Zaragoza de Chechu Rojo que pele\u00f3 por la Liga hasta la \u00faltima jornada del campeonato 1998-1999 y le convirtieronen el primer y \u00fanico portero internacional en la historia del club aragon\u00e9s. Explosivo, valiente, muy completo, Juan Miguel Garcia Ingl\u00e9s qued\u00f3 en esa esquina de la memoria donde se agolpan los dulces recuerdos, tambi\u00e9n la integridad de un ser humano bondadoso a cuya gloria le faltaron las guindas del pastel. Inolvidable<em><strong> Pandereta<\/strong><\/em>.<\/p>\n","protected":false},"excerpt":{"rendered":"<p>El exportero del Real Zaragoza cumpli\u00f3 ayer 50 a\u00f1os. Medio siglo del que, durante nueve temporadas, dedic\u00f3 al club aragon\u00e9s procedente del Real Madrid como heredero del ya veterano Andoni Cedr\u00fan, sin conseguirlo por completo hasta la marcha del carism\u00e1tico guardameta de Durango. En el Bernab\u00e9u coincidi\u00f3 con Arag\u00f3n y <a class=\"read-more\" href=\"https:\/\/principesdeparis.es\/principes\/juanmi-la-gloria-amarga\/\">Sigue leyendo<\/a><\/p>\n","protected":false},"author":2,"featured_media":520,"comment_status":"open","ping_status":"open","sticky":false,"template":"","format":"standard","meta":{"footnotes":""},"categories":[1],"tags":[],"class_list":["post-519","post","type-post","status-publish","format-standard","has-post-thumbnail","hentry","category-real-zaragoza"],"_links":{"self":[{"href":"https:\/\/principesdeparis.es\/principes\/wp-json\/wp\/v2\/posts\/519","targetHints":{"allow":["GET"]}}],"collection":[{"href":"https:\/\/principesdeparis.es\/principes\/wp-json\/wp\/v2\/posts"}],"about":[{"href":"https:\/\/principesdeparis.es\/principes\/wp-json\/wp\/v2\/types\/post"}],"author":[{"embeddable":true,"href":"https:\/\/principesdeparis.es\/principes\/wp-json\/wp\/v2\/users\/2"}],"replies":[{"embeddable":true,"href":"https:\/\/principesdeparis.es\/principes\/wp-json\/wp\/v2\/comments?post=519"}],"version-history":[{"count":2,"href":"https:\/\/principesdeparis.es\/principes\/wp-json\/wp\/v2\/posts\/519\/revisions"}],"predecessor-version":[{"id":522,"href":"https:\/\/principesdeparis.es\/principes\/wp-json\/wp\/v2\/posts\/519\/revisions\/522"}],"wp:featuredmedia":[{"embeddable":true,"href":"https:\/\/principesdeparis.es\/principes\/wp-json\/wp\/v2\/media\/520"}],"wp:attachment":[{"href":"https:\/\/principesdeparis.es\/principes\/wp-json\/wp\/v2\/media?parent=519"}],"wp:term":[{"taxonomy":"category","embeddable":true,"href":"https:\/\/principesdeparis.es\/principes\/wp-json\/wp\/v2\/categories?post=519"},{"taxonomy":"post_tag","embeddable":true,"href":"https:\/\/principesdeparis.es\/principes\/wp-json\/wp\/v2\/tags?post=519"}],"curies":[{"name":"wp","href":"https:\/\/api.w.org\/{rel}","templated":true}]}}