{"id":537,"date":"2021-03-12T16:02:51","date_gmt":"2021-03-12T16:02:51","guid":{"rendered":"https:\/\/principesdeparis.es\/principes\/?p=537"},"modified":"2021-03-12T16:19:58","modified_gmt":"2021-03-12T16:19:58","slug":"aquel-partido-loco-loco-loco-en-vallecas-con-prados-garcia","status":"publish","type":"post","link":"https:\/\/principesdeparis.es\/principes\/aquel-partido-loco-loco-loco-en-vallecas-con-prados-garcia\/","title":{"rendered":"Aquel loco, loco, loco partido en Vallecas con Prados Garc\u00eda"},"content":{"rendered":"<p>Aquel 19 de mayo de 1996, poco m\u00e1s de una a\u00f1o despu\u00e9s de haber ganado la Recopa, el Real Zaragoza acudi\u00f3 en la pen\u00faltima jornada de la Liga a Vallecas, donde el Rayo necesitaba ganar para evitar el descenso directo a Segunda y sacar, como mal menor, pasaporte para jugar la permanencia. La atm\u00f3sfera en el estadio anunciaba un partido volc\u00e1nico, pero no el terremoto que se desat\u00f3 en el campo con el colegiado, Padros Garc\u00eda, disparando tarjetas rojas a diestro y siniestro y se\u00f1alando dos penaltis al conjunto aragon\u00e9s que de existir el VAR le hubieran supuesto al \u00e1rbitro seguir todav\u00eda en la nevera. Los madrile\u00f1os terminaron venciendo por 4-3 despu\u00e9s de un encuentro que ambos equipos afrontaron con nueve jugadores durante la segunda parte.<\/p>\n<p>Se celebrara el cumplea\u00f1os de la presidenta del club franjirrojo, Mar\u00eda Teresa Rivero, esposa de Ruiz Mateos, y aquello era una fiesta de ida y vuelta, con dos equipos que solo sab\u00edan jugar con la cabeza bien alta y la porter\u00eda enemiga en el entrecejo. Como Aguado hab\u00eda cortado al l\u00edmite una carrera en solitario de Guilherme hacia Juanmi, a Padros Garc\u00eda le acudi\u00f3 a la conciencia el sentimiento de la compensaci\u00f3n y decidi\u00f3 que un desmayo del brasile\u00f1o dentro del \u00e1rea con Cuartero a sus espaldas fuera penalti y tarjeta para el lateral, lo que supuso la expulsi\u00f3n del actual director general porque ya ten\u00eda una amarilla. Aquino, la estrella local, marc\u00f3 desde los once metros y en el pase\u00edllo hasta el centro del campo, Arag\u00f3n vio la roja directa por, en teor\u00eda, comentarle algo al colegiado. En el minuto 38, el conjunto de V\u00edctor Fernandez se quedaba con nueve.<\/p>\n<p>Ard\u00eda el peque\u00f1o estadio y Cortijo, sin mediar bal\u00f3n de por medio, ejerci\u00f3 de cirujano sobre la pierna de Gustavo Poyet. Ese ramalazo carnicero le supuso la expulsi\u00f3n en el minuto 41. En el 43, Palacios prob\u00f3 la calidad del tobillo de Dani y tambi\u00e9n cogi\u00f3 el camino de los vestuarios al recibir la segunda amarilla. La locura segu\u00eda, pero el n\u00famero de futbolistas se equilibr\u00f3 antes de que finalizara una primera midad ca\u00f3tica, con el exsecretario t\u00e9cnico zaragocista Mart\u00edn Gonz\u00e1lez, entonces en las filas del Rayo, intentando poner algo de paz. Prados Garc\u00eda abandon\u00f3 el campo a la antigua, protegido por escudos policiales.<\/p>\n<p>Con espacios por todas partes, el Rayo lo aprovech\u00f3 con Aquino, quien con una medio volea a pase de Ezequiel Castillo y con un perfecto lanzamiento de falta directa estableci\u00f3 ya unas diferencias abismales en el marcador. El 3-0 lo maquillo Dani a pase de Gustavo Poyet, y el propio centrocampista uruguayo cabece\u00f3 el 3-2 a la porter\u00eda de Wilfred. Un escalofr\u00edo se pos\u00f3 en Vallecas con la amenaza de ese inesperado acercamiento, que se congel\u00f3 al establecer el empate tras una penalti cometido sobre Gay. Pero Guilherme persegu\u00eda el Oscar a la mejor interpretaci\u00f3n y en el 84 sufri\u00f3 otro vah\u00eddo ante la proximidad de Gay, a lo que Padros Garc\u00eda respondi\u00f3 con un penalti sacado de la chistera. Antonio Calder\u00f3n, el que fuera con los a\u00f1os t\u00e9cnico del Huesca no perdon\u00f3 y el Mar\u00eda Teresa Rivera recibi\u00f3 su regalo despu\u00e9s de que Fernando C\u00e1ceres obligar\u00e1 a Wilfred a realizar una de las mejores intervenciones de su carrera.<\/p>\n<p>El colegiado jienense dirigi\u00f3 al Real Zaragoza en 14 partidos de Liga y uno de Copa, citas en las que el conjunto aragon\u00e9s solo logr\u00f3 tres victorias. La m\u00e1s popular, por la repercusi\u00f3n que tuvo, se produjo en El Sardinero en la temporada 1999-2000 con dos tantos de Yordi (1-2). Munitis hab\u00eda puesto por delante al Racing y Yordi, saliendo desde el banquillo igual\u00f3 el partido de cabeza mientras los jugadores del Racing reclamaban mano del delantero. Entre el tumulto de las protestas de los c\u00e1ntabros, el portero, Ceballos, se acerc\u00f3 a cent\u00edmetros de Prados Garc\u00eda, quien se dej\u00f3 caer como su hubiera recibido un disparo a bocajarro. \u00abSe abalanz\u00f3 sobre m\u00ed empuj\u00e1ndome con el pecho y lanz\u00e1ndome al suelo, recibiendo yo un golpe en la nariz\u00bb. Escribi\u00f3 sin pudro alguno en el acta para que el guardameta acabara siendo sancionado con 12 partidos. La temporada anterior, en el Bernab\u00e9u, despu\u00e9s de que el Kily empatar\u00e1 con furia un 2-0, dej\u00f3 que Ra\u00fal hiciera el 3-2 en el minuto 90 en una m\u00e1s que probable posici\u00f3n de fuera de juego.<\/p>\n","protected":false},"excerpt":{"rendered":"<p>Aquel 19 de mayo de 1996, poco m\u00e1s de una a\u00f1o despu\u00e9s de haber ganado la Recopa, el Real Zaragoza acudi\u00f3 en la pen\u00faltima jornada de la Liga a Vallecas, donde el Rayo necesitaba ganar para evitar el descenso directo a Segunda y sacar, como mal menor, pasaporte para jugar <a class=\"read-more\" href=\"https:\/\/principesdeparis.es\/principes\/aquel-partido-loco-loco-loco-en-vallecas-con-prados-garcia\/\">Sigue leyendo<\/a><\/p>\n","protected":false},"author":2,"featured_media":538,"comment_status":"open","ping_status":"open","sticky":false,"template":"","format":"standard","meta":{"footnotes":""},"categories":[1],"tags":[],"class_list":["post-537","post","type-post","status-publish","format-standard","has-post-thumbnail","hentry","category-real-zaragoza"],"_links":{"self":[{"href":"https:\/\/principesdeparis.es\/principes\/wp-json\/wp\/v2\/posts\/537","targetHints":{"allow":["GET"]}}],"collection":[{"href":"https:\/\/principesdeparis.es\/principes\/wp-json\/wp\/v2\/posts"}],"about":[{"href":"https:\/\/principesdeparis.es\/principes\/wp-json\/wp\/v2\/types\/post"}],"author":[{"embeddable":true,"href":"https:\/\/principesdeparis.es\/principes\/wp-json\/wp\/v2\/users\/2"}],"replies":[{"embeddable":true,"href":"https:\/\/principesdeparis.es\/principes\/wp-json\/wp\/v2\/comments?post=537"}],"version-history":[{"count":2,"href":"https:\/\/principesdeparis.es\/principes\/wp-json\/wp\/v2\/posts\/537\/revisions"}],"predecessor-version":[{"id":541,"href":"https:\/\/principesdeparis.es\/principes\/wp-json\/wp\/v2\/posts\/537\/revisions\/541"}],"wp:featuredmedia":[{"embeddable":true,"href":"https:\/\/principesdeparis.es\/principes\/wp-json\/wp\/v2\/media\/538"}],"wp:attachment":[{"href":"https:\/\/principesdeparis.es\/principes\/wp-json\/wp\/v2\/media?parent=537"}],"wp:term":[{"taxonomy":"category","embeddable":true,"href":"https:\/\/principesdeparis.es\/principes\/wp-json\/wp\/v2\/categories?post=537"},{"taxonomy":"post_tag","embeddable":true,"href":"https:\/\/principesdeparis.es\/principes\/wp-json\/wp\/v2\/tags?post=537"}],"curies":[{"name":"wp","href":"https:\/\/api.w.org\/{rel}","templated":true}]}}