{"id":84,"date":"2021-01-23T11:26:19","date_gmt":"2021-01-23T11:26:19","guid":{"rendered":"https:\/\/principesdeparis.es\/principes\/?p=84"},"modified":"2021-01-25T17:44:41","modified_gmt":"2021-01-25T17:44:41","slug":"cuentos-zaragocistas-nacho-y-el-sueno-del-recogepelotas","status":"publish","type":"post","link":"https:\/\/principesdeparis.es\/principes\/cuentos-zaragocistas-nacho-y-el-sueno-del-recogepelotas\/","title":{"rendered":"Cuentos zaragocistas: &#8216;Nacho y el sue\u00f1o del recogepelotas&#8217;"},"content":{"rendered":"<div class=\"_1yEvn\">\n<div class=\"_2wZrM _3BIio\" tabindex=\"-1\" data-hook=\"post-title\">\n<p class=\"_1gHzn _2M4wi blog-post-title-font blog-post-title-color blog-text-color post-title blog-hover-container-element-color _1EQZr blog-post-page-title-font\" data-hook=\"post-title\"><span style=\"font-size: 16px;\">Cuentos zar<\/span><span style=\"font-size: 16px;\">agocistas es un proyecto que acaba de nacer y que persigue que los aficionados del Real Zaragoza se sientan a\u00fan m\u00e1s cerca del club, integrados al publicar sus experiencias, sus sentimientos acumulados en a\u00f1os de fidelidad, en forma de relatos muy personales. Los protagonistas son reales aunque alguna de las historias se desarrolla en clave de ficci\u00f3n. Distintos seguidores se han acercado hasta esta web para que redactemos sus vivencias y se las enviemos como recuerdo de quienes son el aut\u00e9ntico pilar de la historia, la afici\u00f3n. Si quieres sumarte a esta iniciativa sigue la cuenta <\/span><a class=\"_2qJYG blog-link-hashtag-color _2xVcV\" style=\"font-size: 16px;\" href=\"https:\/\/twitter.com\/alfonherndez\" target=\"_blank\" rel=\"noopener\"><u class=\"sDZYg\">@alfonherndez<\/u><\/a><span style=\"font-size: 16px;\"> (o suscr\u00edbete en esta web y com\u00e9ntalo) y dinos en privado c\u00f3mo y de qu\u00e9 forma y extensi\u00f3n deseas tu relato personalizado. Hoy subimos el cuento Nacho y el sue\u00f1o del recogepelotas, donde su protagonista vive un partido trascendental como entrenador de la primera plantilla. En las pr\u00f3ximas semanas a\u00f1adiremos otros testimonios muy especiales.<\/span><\/p>\n<\/div>\n<\/div>\n<div class=\"yF0IC\" data-hook=\"post-description\">\n<article class=\"blog-post-page-font\">\n<div class=\"post-content__body\">\n<div class=\"f-0hV _1LHlu _1ltva\" data-rce-version=\"8.17.5\">\n<div class=\"kcuBq _1PkHV blog-post-page-font _3f8WX uatYj\" dir=\"ltr\">\n<div class=\"kaqlz _1FQ9t blog-post-page-font zJfAe\">\n<hr \/>\n<h2><\/h2>\n<h2 class=\"XzvDs _208Ie ljrnk blog-post-text-font blog-post-text-color _2QAo- _25MYV _1Fao9 ljrnk public-DraftStyleDefault-block-depth0 public-DraftStyleDefault-text-ltr\"><span class=\"vkIF2 public-DraftStyleDefault-ltr\">Nacho y el sue\u00f1o del recogepelotas\u00a0<\/span><\/h2>\n<div id=\"viewer-5i7rq\" class=\"XzvDs _208Ie ljrnk blog-post-text-font blog-post-text-color _2QAo- _25MYV _1Fao9 ljrnk public-DraftStyleDefault-block-depth0 public-DraftStyleDefault-text-ltr\"><span class=\"vkIF2 public-DraftStyleDefault-ltr\">\u00a0<\/span><\/div>\n<div id=\"viewer-9ogig\" class=\"q2uC4 _3kAGd\">\n<div class=\"c-Mgr _2Mq66 _2Mq66 _7gPc2\">\n<div class=\"_2o-_D image-container LPH2h\" tabindex=\"0\" role=\"button\" data-hook=\"imageViewer\">\n<div class=\"\"><strong>Fui a La Romareda por la ma\u00f1ana. Quer\u00eda estar solo, saborear los silencios del viejo campo, caminar por la hierba y escuchar mis pasos. Nunca antes lo hab\u00eda hecho, pero aquel d\u00eda necesitaba abstraerme en m\u00ed mismo. No hab\u00eda sido una temporada f\u00e1cil. En junio la ciudad se puso en pie de guerra cuando la directiva, con tan solo 23 a\u00f1os, me eligi\u00f3 como entrenador del Real Zaragoza. Ni la prensa ni la afici\u00f3n lo entend\u00edan. A m\u00ed, a fuerza de ser sincero, me cost\u00f3 asumirlo tambi\u00e9n, pero acept\u00e9 el reto, enfrentarme a un sue\u00f1o hecho realidad, a un vestuario profesional donde la mayor\u00eda me superaba en edad, con futbolistas de car\u00e1cter y experiencia, en un mundo de presiones y tensiones como jam\u00e1s hab\u00eda imaginado. Recuerdo que en los primeros d\u00edas, los jugadores bromeaban, me trataban como a un chico que no durar\u00eda demasiado en el banquillo. Nunca busqu\u00e9 el enfrentamiento, al contrario, dej\u00e9 que me fueran conociendo, que descubrieran que estaba capacitado para dirigirles. M\u00e9todo, trabajo y un plan. Mucha convicci\u00f3n y ni una sola duda para tomar decisiones incluso cuando los resultados se torcieron en una primera vuelta que nos dej\u00f3 a tres puntos de los puestos de descenso, episod\u00edo que super\u00e9 con tan solo la plantilla a mi lado. Sab\u00eda que reaccion\u00e1bamos o viv\u00eda mis \u00faltimos d\u00edas en el cargo.<\/strong><\/div>\n<\/div>\n<\/div>\n<\/div>\n<div id=\"viewer-5hf9m\" class=\"XzvDs _208Ie ljrnk blog-post-text-font blog-post-text-color _2QAo- _25MYV _1Fao9 ljrnk public-DraftStyleDefault-block-depth0 public-DraftStyleDefault-text-ltr\"><span class=\"vkIF2 public-DraftStyleDefault-ltr\">\u00a0<\/span><\/div>\n<p id=\"viewer-bmg5m\" class=\"XzvDs _208Ie ljrnk blog-post-text-font blog-post-text-color _2QAo- _25MYV _1Fao9 ljrnk public-DraftStyleDefault-block-depth0 public-DraftStyleDefault-text-ltr\"><span class=\"vkIF2 public-DraftStyleDefault-ltr\"><strong>La Romareda sin alma sobrecoge. Me qued\u00e9 en el centro del campo y auscult\u00e9 las gradas, imagin\u00e1ndolas horas despu\u00e9s. Est\u00e1bamos a un solo partido del ascenso, pero ten\u00edamos que ganar, adem\u00e1s al Huesca, y ya se sabe que este tipo de encuentros de pasiones vecinales se juegan en otra dimensi\u00f3n. Regres\u00e9 al hotel, comimos sin mucha conversaci\u00f3n alrededor de la mesa y les di la charla t\u00e9cnica. Focalic\u00e9 casi todo en m\u00ed, en mi ilusi\u00f3n, ahora s\u00ed, en mi juventud, y le expliqu\u00e9 que este deporte todos somos ni\u00f1os y que, en momentos como ese, deber\u00edamos jugar con libertad, sin ataduras, sabiendo que Zaragoza estaba pendiente de nosotros y que iba a estar a nuestro lado como el padre conduce al hijo en sus primeros pasos en al vida. El p\u00fablico nos transmitir\u00eda fortaleza en el encuentro y hab\u00eda que gestionar ese factor para sentirnos arropados, no como una sobrecarga mental.<\/strong><\/span><\/p>\n<div id=\"viewer-3v1b1\" class=\"XzvDs _208Ie ljrnk blog-post-text-font blog-post-text-color _2QAo- _25MYV _1Fao9 ljrnk public-DraftStyleDefault-block-depth0 public-DraftStyleDefault-text-ltr\"><span class=\"vkIF2 public-DraftStyleDefault-ltr\">\u00a0<\/span><\/div>\n<p id=\"viewer-34n7v\" class=\"XzvDs _208Ie ljrnk blog-post-text-font blog-post-text-color _2QAo- _25MYV _1Fao9 ljrnk public-DraftStyleDefault-block-depth0 public-DraftStyleDefault-text-ltr\"><span class=\"vkIF2 public-DraftStyleDefault-ltr\"><strong>De regreso al campo, miles de seguidores nos acompa\u00f1aron por las calles sin que el autob\u00fas apenas pudiera avanzar con ligereza. Todo transcurri\u00f3 r\u00e1pido y antes de darnos cuenta, los dos equipos estaban sobre el c\u00e9sped bajo una lluvia torrencial. La Romareda rug\u00eda como nunca y entre el bullicio, ls c\u00e1nticos, los tifos y una optimismo desenfrenado, pude disntinguir a mi familia y a Alberto, Pablo, N\u00e9stor e Iv\u00e1n, mis amigos. Les hice un gesto de complicidad y la pelota ech\u00f3 a rodar. El Huesca, que no se jugaba nada, nos acos\u00f3 durante la primera media hora, y dispuso de ocasiones para adelantarse, muy claras. Chimy \u00c1vila y Cucho Hern\u00e1ndez ten\u00edan apetito, y Melero oblig\u00f3 Cristian a una intervenci\u00f3n prodigiosa. Not\u00e9 que mi est\u00f3mago era un nudo aunque me negu\u00e9 a dar la menor se\u00f1al de nerviosismo. Y ya entrada la segunda parte, sin oportunidades y en medio de una batalla equilibrada, el gol de Javi Ros. Cre\u00eda que el cielo se hab\u00eda partido en dos cuando marc\u00f3. Zapater, Febas, Borja Iglesias&#8230;. Todos acudieron en busca de Ros con el el gesto desencajado de felicidad, con La Romareda derrumb\u00e1ndose sobre sus h\u00e9roes. Hab\u00edamos vuelto a Primera. L\u00e1grimas, gritos, abrazos, celebraciones colectivas e individuales&#8230; Champ\u00e1n bajo la lluvia.<\/strong><\/span><\/p>\n<div id=\"viewer-5do9g\" class=\"XzvDs _208Ie ljrnk blog-post-text-font blog-post-text-color _2QAo- _25MYV _1Fao9 ljrnk public-DraftStyleDefault-block-depth0 public-DraftStyleDefault-text-ltr\"><span class=\"vkIF2 public-DraftStyleDefault-ltr\">\u00a0<\/span><\/div>\n<p id=\"viewer-9169t\" class=\"XzvDs _208Ie ljrnk blog-post-text-font blog-post-text-color _2QAo- _25MYV _1Fao9 ljrnk public-DraftStyleDefault-block-depth0 public-DraftStyleDefault-text-ltr\"><span class=\"vkIF2 public-DraftStyleDefault-ltr\"><strong>Al apagarse las luces del estadio, volv\u00ed de nuevo solo al terreno de juego. Pase\u00e9 respirando profundo y satisfecho. Se me acerc\u00f3 un recogepelotas que se hab\u00eda quedado rezagado y me dijo: \u00abOye chaval, me puedes acercar ese bal\u00f3n\u00bb. Lo reconoc\u00ed: era yo hace diez a\u00f1os.<\/strong><\/span><\/p>\n<div id=\"viewer-a58rs\" class=\"XzvDs _208Ie ljrnk blog-post-text-font blog-post-text-color _2QAo- _25MYV _1Fao9 ljrnk public-DraftStyleDefault-block-depth0 public-DraftStyleDefault-text-ltr\">Si quieres tu Cuento Zaragocista, contacta con nosotros <a href=\"https:\/\/principesdeparis.es\/#contacto\">aqu\u00ed<\/a><\/div>\n<\/div>\n<\/div>\n<\/div>\n<\/div>\n<\/article>\n<\/div>\n","protected":false},"excerpt":{"rendered":"<p>Cuentos zaragocistas es un proyecto que acaba de nacer y que persigue que los aficionados del Real Zaragoza se sientan a\u00fan m\u00e1s cerca del club, integrados al publicar sus experiencias, sus sentimientos acumulados en a\u00f1os de fidelidad, en forma de relatos muy personales. Los protagonistas son reales aunque alguna de <a class=\"read-more\" href=\"https:\/\/principesdeparis.es\/principes\/cuentos-zaragocistas-nacho-y-el-sueno-del-recogepelotas\/\">Sigue leyendo<\/a><\/p>\n","protected":false},"author":2,"featured_media":172,"comment_status":"open","ping_status":"open","sticky":false,"template":"","format":"standard","meta":{"footnotes":""},"categories":[11],"tags":[],"class_list":["post-84","post","type-post","status-publish","format-standard","has-post-thumbnail","hentry","category-cuentos"],"_links":{"self":[{"href":"https:\/\/principesdeparis.es\/principes\/wp-json\/wp\/v2\/posts\/84","targetHints":{"allow":["GET"]}}],"collection":[{"href":"https:\/\/principesdeparis.es\/principes\/wp-json\/wp\/v2\/posts"}],"about":[{"href":"https:\/\/principesdeparis.es\/principes\/wp-json\/wp\/v2\/types\/post"}],"author":[{"embeddable":true,"href":"https:\/\/principesdeparis.es\/principes\/wp-json\/wp\/v2\/users\/2"}],"replies":[{"embeddable":true,"href":"https:\/\/principesdeparis.es\/principes\/wp-json\/wp\/v2\/comments?post=84"}],"version-history":[{"count":2,"href":"https:\/\/principesdeparis.es\/principes\/wp-json\/wp\/v2\/posts\/84\/revisions"}],"predecessor-version":[{"id":192,"href":"https:\/\/principesdeparis.es\/principes\/wp-json\/wp\/v2\/posts\/84\/revisions\/192"}],"wp:featuredmedia":[{"embeddable":true,"href":"https:\/\/principesdeparis.es\/principes\/wp-json\/wp\/v2\/media\/172"}],"wp:attachment":[{"href":"https:\/\/principesdeparis.es\/principes\/wp-json\/wp\/v2\/media?parent=84"}],"wp:term":[{"taxonomy":"category","embeddable":true,"href":"https:\/\/principesdeparis.es\/principes\/wp-json\/wp\/v2\/categories?post=84"},{"taxonomy":"post_tag","embeddable":true,"href":"https:\/\/principesdeparis.es\/principes\/wp-json\/wp\/v2\/tags?post=84"}],"curies":[{"name":"wp","href":"https:\/\/api.w.org\/{rel}","templated":true}]}}