{"id":8753,"date":"2022-10-05T17:36:55","date_gmt":"2022-10-05T17:36:55","guid":{"rendered":"https:\/\/principesdeparis.es\/principes\/?p=8753"},"modified":"2022-10-05T17:36:55","modified_gmt":"2022-10-05T17:36:55","slug":"un-real-zaragoza-con-la-medula-deshecha","status":"publish","type":"post","link":"https:\/\/principesdeparis.es\/principes\/un-real-zaragoza-con-la-medula-deshecha\/","title":{"rendered":"Un Real Zaragoza con la m\u00e9dula deshecha"},"content":{"rendered":"<p style=\"text-align: center;\"><strong>Las puntuaciones ofrecidas por Pr\u00edncipes de Par\u00eds durante las primeras ocho jornadas delatan socavones globales y, sobre todo, un abismo sideral en el centro del campo<\/strong><\/p>\n<p>Pr\u00edncipes de Par\u00eds valora cada jornada la actuaci\u00f3n de todos los futbolistas que participan en el partido con una puntuaci\u00f3n que oscila entre el 0 y el 10. Se deja sin calificar a quienes apenas han podido intervenir en el juego m\u00e1s all\u00e1 de diez minutos siempre y cuando no hayan tenido un peso crucial en el encuentro. Para realizar esta informaci\u00f3n se agrupa a los futbolistas que han sido alineados en al menos cuatro de las ocho jornadas celebradas hasta el momento. En base a esas calificaciones, se deduce que el Real Zaragoza es un equipo de suspenso, una noticia nada novedosa teniendo en cuenta sus registros en la clasificaci\u00f3n de Segunda, con s\u00f3lo dos triunfos en su haber y cuatro goles a favor, la segunda cifra realizadora m\u00e1s pobre de la categor\u00eda. En la 16\u00ba posici\u00f3n, dos puntos le separan de los puestos de descenso y cinco de la zona de promoci\u00f3n de ascenso.<\/p>\n<p>La ca\u00edda f\u00edsica se ha acentuado tras la derrota en Anduva y despu\u00e9s de un empate contra nueve frente al Eibar, pero tambi\u00e9n la psicol\u00f3gica por la incapacidad y la impotencia del Real Zaragoza para generar juego y ocasiones casi desde el inicio del campeonato. Las victorias consecutivas ante Ponferradina y Sporting solaparon esos problemas cong\u00e9nitos a la configuraci\u00f3n de una plantilla muy desequilibra y en nada sobrada de talento y orillaron las derrotas con mensaje de alerta contra Cartagena y Lugo, si bien su vulnerabilidad se ha hecho visible por completo en estas dos \u00faltimas pruebas, donde la porter\u00eda del adversario ha sido un elemento decorativo para el d\u00e9bil tejido ofensivo del conjunto aragon\u00e9s.<\/p>\n<p>Con Juan Carlos Carcedo ya en la cola de la guillotina popular, puesto que el entrenador tampoco ha colaborado a cerrar heridas en algunos once iniciales bajo sospecha desde la pizarra, cambios de m\u00ednima reflexi\u00f3n con los partidos en marcha y una personalidad apenas contagiosa y convincente para el grupo en sus discurso congelados y lineales, se pueden extraer conclusiones a ra\u00edz de esa bater\u00eda de puntuaciones de esta web.<\/p>\n<p><strong>Los aprobados<\/strong><br \/>\nDe la media docena de jugadores utilizados en un m\u00ednimo de cuatro encuentros, s\u00f3lo asoman cinco aprobados, algunos muy raspados como Llu\u00eds L\u00f3pez (5) y Fuentes (5). El central ha cubierto la baja de Franc\u00e9s por lesi\u00f3n con esa conducta que le caracteriza de central con conocimientos que no siempre est\u00e1 atento en clase. El colombiano destac\u00f3 por encima de la media tras tomar el relevo a Chavarr\u00eda sin apenas tiempo de adaptaci\u00f3n y coincidiendo con la suma con seis puntos de seis del equipo. Despu\u00e9s se le han descubierto deficiencias defensivas y un mayor grado de timidez en ataque que han rebajado su nota. <strong>Jaume Grau (5.2)<\/strong> es el \u00fanico centrocampista que escapa a la quema en esa parcela, mientras que los m\u00e1s destacados son <strong>Cristian (6.2)<\/strong> y Giuliano <strong>(6.3)<\/strong>.<\/p>\n<p><strong>Tres suspensos por sorpresa<\/strong><br \/>\nLa pareja <strong>Franc\u00e9s<\/strong>-Jair, pese que el Real Zaragoza, con seis dianas encajadas, es el tercer equipo que menos tantos recibe en la competici\u00f3n despu\u00e9s Burgos (0) y Las Palmas (4), vuela bastante bajo esta temporada. El canterano, fuera de combate por la lesi\u00f3n en el codo que sufri\u00f3 ante el Lugo, se ha convertido en el segundo titular con el rendimiento m\u00e1s bajo. Su media es de<strong> 3.7<\/strong>. La formaci\u00f3n de tres centrales el d\u00eda del Lugo le sac\u00f3 de sus casillas, pero en sus tres apariciones anteriores tampoco hab\u00eda dado la talla que corresponde a su categor\u00eda. Se le espera con urgencia porque <strong>Jair (4.8)<\/strong>, un portento a\u00e9reo, no mezcla bien con Llu\u00eds L\u00f3pez y apenas est\u00e1 aportando algo m\u00e1s que despejes, lejos a\u00fan de la firmeza de cursos pasados. <strong>G\u00e1mez (4.8)<\/strong> tambi\u00e9n suspende. El lateral, m\u00e1ximo asistente de la campa\u00f1a anterior y constante incordio por su banda, la ha acortado mucho. S\u00f3lo ha acabado tres partidos y su profundidad se ha anclado a medio camino.<\/p>\n<p><b>El derrumbe del centro del campo<\/b><br \/>\nGrau sostiene como puede esa l\u00ednea, porque el resto de especialistas de la zona est\u00e1 provocando un aut\u00e9ntico cataclismo que parte al equipo en dos sin fantas\u00eda ni velocidad. La depresi\u00f3n m\u00e1s fuerte ha afectado a <strong>Francho (3.3)<\/strong>, desplazado por las preferencia de Carcedo hacia Manu Molina y por un declive de rendimiento preocupante. <strong>Molina (4.7)<\/strong> no ha correspondido lo m\u00e1s m\u00ednimo a la confianza que el t\u00e9cnico puso en el \u00e9l como gu\u00eda espiritual del grupo. Su f\u00fatbol retiene y no entretiene, con pases de seguridad muy elementales que en nada enriquecen la construcci\u00f3n del juego ni el hallazgo de pasillos.<strong> Bermejo (4.5)<\/strong> se dio un fest\u00edn frente al Sporting con una actuaci\u00f3n completa y variada en volumen de esfuerzos y de f\u00fatbol, asistencia de gol incluida a Mollejo, pero el esto de sus comparecencias han sido de una banalidad casi extrema. Nada nuevo en su biograf\u00eda zaragocista. M\u00e1s pobre est\u00e1 siendo a\u00fan la carrera de <strong>Vada (4.4)<\/strong> este temporada. Instalado como enganche, se le ha visto, como a a la mayor\u00eda, en los dos triunfos. Por lo dem\u00e1s, ha migrado por zonas inocuas sin entregarle al equipo llegada, ni gol, ni enlace directo con el delantero.<\/p>\n","protected":false},"excerpt":{"rendered":"<p>Las puntuaciones ofrecidas por Pr\u00edncipes de Par\u00eds durante las primeras ocho jornadas delatan socavones globales y, sobre todo, un abismo sideral en el centro del campo Pr\u00edncipes de Par\u00eds valora cada jornada la actuaci\u00f3n de todos los futbolistas que participan en el partido con una puntuaci\u00f3n que oscila entre el <a class=\"read-more\" href=\"https:\/\/principesdeparis.es\/principes\/un-real-zaragoza-con-la-medula-deshecha\/\">Sigue leyendo<\/a><\/p>\n","protected":false},"author":2,"featured_media":8754,"comment_status":"open","ping_status":"open","sticky":false,"template":"","format":"standard","meta":{"footnotes":""},"categories":[13,1],"tags":[],"class_list":["post-8753","post","type-post","status-publish","format-standard","has-post-thumbnail","hentry","category-publicidad","category-real-zaragoza"],"_links":{"self":[{"href":"https:\/\/principesdeparis.es\/principes\/wp-json\/wp\/v2\/posts\/8753","targetHints":{"allow":["GET"]}}],"collection":[{"href":"https:\/\/principesdeparis.es\/principes\/wp-json\/wp\/v2\/posts"}],"about":[{"href":"https:\/\/principesdeparis.es\/principes\/wp-json\/wp\/v2\/types\/post"}],"author":[{"embeddable":true,"href":"https:\/\/principesdeparis.es\/principes\/wp-json\/wp\/v2\/users\/2"}],"replies":[{"embeddable":true,"href":"https:\/\/principesdeparis.es\/principes\/wp-json\/wp\/v2\/comments?post=8753"}],"version-history":[{"count":1,"href":"https:\/\/principesdeparis.es\/principes\/wp-json\/wp\/v2\/posts\/8753\/revisions"}],"predecessor-version":[{"id":8755,"href":"https:\/\/principesdeparis.es\/principes\/wp-json\/wp\/v2\/posts\/8753\/revisions\/8755"}],"wp:featuredmedia":[{"embeddable":true,"href":"https:\/\/principesdeparis.es\/principes\/wp-json\/wp\/v2\/media\/8754"}],"wp:attachment":[{"href":"https:\/\/principesdeparis.es\/principes\/wp-json\/wp\/v2\/media?parent=8753"}],"wp:term":[{"taxonomy":"category","embeddable":true,"href":"https:\/\/principesdeparis.es\/principes\/wp-json\/wp\/v2\/categories?post=8753"},{"taxonomy":"post_tag","embeddable":true,"href":"https:\/\/principesdeparis.es\/principes\/wp-json\/wp\/v2\/tags?post=8753"}],"curies":[{"name":"wp","href":"https:\/\/api.w.org\/{rel}","templated":true}]}}