{"id":8963,"date":"2022-10-20T07:07:56","date_gmt":"2022-10-20T07:07:56","guid":{"rendered":"https:\/\/principesdeparis.es\/principes\/?p=8963"},"modified":"2022-10-20T07:07:56","modified_gmt":"2022-10-20T07:07:56","slug":"la-esperanza-marchita-del-cambio","status":"publish","type":"post","link":"https:\/\/principesdeparis.es\/principes\/la-esperanza-marchita-del-cambio\/","title":{"rendered":"La esperanza marchita del cambio"},"content":{"rendered":"<p>El dolor es \u201cuna percepci\u00f3n sensorial, localizada y subjetiva con intensidad variable que puede resultar molesta y desagradable en una parte del cuerpo\u201d. Entendemos por sufrimiento \u201cel padecimiento, la pena o el dolor que experimenta un ser vivo. Se trata de una sensaci\u00f3n, consciente o inconsciente, que aparece reflejada en agotamiento o infelicidad\u201d. En este caso tenemos tendencia a refocilarnos y enterrarnos en las cloacas del calvario que nos provocan aquellas aficiones o deseos que nos superan y son alternativa de nuestra vida real. Para entendernos, el zaragocismo en su m\u00e1s pura esencia, que ahora se marchita despu\u00e9s de darnos cuenta de lo que est\u00e1 pasando. Parece que siguen parte de los mismos que estaban antes al mando, que no hay una direcci\u00f3n asumida por la afici\u00f3n que represente el esp\u00edritu blanquillo y, para colmo, los resultados y el f\u00fatbol exhibidos son insuficientes. La esperanza del cambio, la imagen de Jorge Mas como l\u00edder de un proyecto m\u00e1s all\u00e1 del deporte, han ca\u00eddo hasta reposar en el suelo sin vida. La frustraci\u00f3n comienza a invadir nuestro coraz\u00f3n.<\/p>\n","protected":false},"excerpt":{"rendered":"<p>El dolor es \u201cuna percepci\u00f3n sensorial, localizada y subjetiva con intensidad variable que puede resultar molesta y desagradable en una parte del cuerpo\u201d. Entendemos por sufrimiento \u201cel padecimiento, la pena o el dolor que experimenta un ser vivo. Se trata de una sensaci\u00f3n, consciente o inconsciente, que aparece reflejada en <a class=\"read-more\" href=\"https:\/\/principesdeparis.es\/principes\/la-esperanza-marchita-del-cambio\/\">Sigue leyendo<\/a><\/p>\n","protected":false},"author":3,"featured_media":8883,"comment_status":"open","ping_status":"open","sticky":false,"template":"","format":"standard","meta":{"footnotes":""},"categories":[16,13],"tags":[],"class_list":["post-8963","post","type-post","status-publish","format-standard","has-post-thumbnail","hentry","category-el10","category-publicidad"],"_links":{"self":[{"href":"https:\/\/principesdeparis.es\/principes\/wp-json\/wp\/v2\/posts\/8963","targetHints":{"allow":["GET"]}}],"collection":[{"href":"https:\/\/principesdeparis.es\/principes\/wp-json\/wp\/v2\/posts"}],"about":[{"href":"https:\/\/principesdeparis.es\/principes\/wp-json\/wp\/v2\/types\/post"}],"author":[{"embeddable":true,"href":"https:\/\/principesdeparis.es\/principes\/wp-json\/wp\/v2\/users\/3"}],"replies":[{"embeddable":true,"href":"https:\/\/principesdeparis.es\/principes\/wp-json\/wp\/v2\/comments?post=8963"}],"version-history":[{"count":1,"href":"https:\/\/principesdeparis.es\/principes\/wp-json\/wp\/v2\/posts\/8963\/revisions"}],"predecessor-version":[{"id":8964,"href":"https:\/\/principesdeparis.es\/principes\/wp-json\/wp\/v2\/posts\/8963\/revisions\/8964"}],"wp:featuredmedia":[{"embeddable":true,"href":"https:\/\/principesdeparis.es\/principes\/wp-json\/wp\/v2\/media\/8883"}],"wp:attachment":[{"href":"https:\/\/principesdeparis.es\/principes\/wp-json\/wp\/v2\/media?parent=8963"}],"wp:term":[{"taxonomy":"category","embeddable":true,"href":"https:\/\/principesdeparis.es\/principes\/wp-json\/wp\/v2\/categories?post=8963"},{"taxonomy":"post_tag","embeddable":true,"href":"https:\/\/principesdeparis.es\/principes\/wp-json\/wp\/v2\/tags?post=8963"}],"curies":[{"name":"wp","href":"https:\/\/api.w.org\/{rel}","templated":true}]}}